{"id":1048,"date":"2020-04-21T11:08:20","date_gmt":"2020-04-21T09:08:20","guid":{"rendered":"https:\/\/news.landwirt.com\/?p=1048"},"modified":"2026-04-07T12:55:42","modified_gmt":"2026-04-07T10:55:42","slug":"landwirt-com-fotowettbewerb-wir-suchen-das-beste-landtechnik-foto","status":"publish","type":"post","link":"https:\/\/www.landwirt.com\/news\/landwirt-com-fotowettbewerb-wir-suchen-das-beste-landtechnik-foto\/","title":{"rendered":"Landwirt.com Fotowettbewerb: Wir suchen das beste Landtechnik-Foto"},"content":{"rendered":"\n<p><strong>Ob&nbsp;beim D\u00fcngen, Pfl\u00fcgen oder Grubbern, ob bei der Aussaat oder der ersten Ernte; im Fr\u00fchling gibt es in jeder Landwirtschaft eine ganze Menge zu tun.&nbsp;Lade dein bestes Foto rund um das Thema &#8222;Landtechnik im Fr\u00fchling&#8220; hoch und sichere dir deine Chance auf den Hauptgewinn, ein Apple iPad. Jetzt mitmachen!<\/strong><\/p>\n\n\n\n<div class=\"wp-block-media-text alignwide is-stacked-on-mobile\"><figure class=\"wp-block-media-text__media\"><img loading=\"lazy\" decoding=\"async\" width=\"670\" height=\"422\" src=\"https:\/\/www.landwirt.com\/news\/wp-content\/uploads\/2020\/04\/TopThema_Newsletter.jpg\" alt=\"Jetzt beim Landwirt.com Fotowettbewerb &quot;Landtechnik im Fr\u00fchling&quot; mitmachen!\" class=\"wp-image-1049\" srcset=\"https:\/\/www.landwirt.com\/news\/wp-content\/uploads\/2020\/04\/TopThema_Newsletter.jpg 670w, https:\/\/www.landwirt.com\/news\/wp-content\/uploads\/2020\/04\/TopThema_Newsletter-300x189.jpg 300w\" sizes=\"auto, (max-width: 670px) 100vw, 670px\" \/><\/figure><div class=\"wp-block-media-text__content\">\n<p>Startschuss f\u00fcr unseren n\u00e4chsten&nbsp;<a rel=\"noreferrer noopener\" href=\"https:\/\/www.landwirt.com\/fotowettbewerb\/\" target=\"_blank\">Fotowettbewerb<\/a>. Der Fr\u00fchling bietet zahlreiche Motive; schicke uns jetzt deine sch\u00f6nsten Fotos rund um die&nbsp;<a href=\"https:\/\/www.landwirt.com\/Kleinanzeigen\/angebote-Forsttechnik,98.html\" target=\"_blank\" rel=\"noreferrer noopener\">Landtechnik<\/a>&nbsp;im Einsatz. Egal ob mit einer gro\u00dfen, kleinen, teuren oder g\u00fcnstigen Kamera, egal ob in Farbe oder in Schwarzwei\u00df. In jedem Fall gilt: Lass deine Kamera nicht daheim, wenn du an die Arbeit gehst und mach gleich mit bei unserem Fotowettbewerb! Jeder Hobbyfotograf hat die M\u00f6glichkeit, sein Foto zu pr\u00e4sentieren.<\/p>\n<\/div><\/div>\n\n\n\n<p><strong>Motive rund um die Landtechnik<\/strong><br>Mach dich auf die Suche nach dem idealen Motiv und halte die vielf\u00e4ltigen Seiten der&nbsp;<a rel=\"noreferrer noopener\" href=\"https:\/\/www.landwirt.com\/Kleinanzeigen\/angebote-Forsttechnik,98.html\" target=\"_blank\">Landtechnik<\/a>&nbsp;fotografisch fest. Der Kreativit\u00e4t sind dabei keine Grenzen gesetzt und wir freuen uns schon auf zahlreiche sch\u00f6ne, interessante, faszinierende, lustige und gelungene Aufnahmen. Bis zum 19. Juli 2020 hast du die M\u00f6glichkeit, teilzunehmen und dir die Chance auf den Hauptgewinn zu sichern. Alle Fotos werden auf unserer Seite pr\u00e4sentiert und ab 14. Juni hat dann jeder die M\u00f6glichkeit, eine Stimme f\u00fcr sein Lieblingsbild abzugeben.<\/p>\n\n\n\n<p><strong>Das kannst du gewinnen<\/strong><br>Auf den Gewinner wartet ein Apple iPad in space grau mit 32 GB. Die Gewinner der 10 weiteren Pl\u00e4tze erhalten je einen B\u00fcchergutschein von der B\u00fccherquelle im Wert von 25 Euro. <em>Achtung: Fotos mit den meisten Stimmen haben die h\u00f6chste Gewinnchance, die endg\u00fcltige Entscheidung \u00fcber den Hauptgewinner trifft jedoch das Landwirt Team.<\/em><\/p>\n\n\n\n<p><strong><a href=\"https:\/\/www.landwirt.com\/fotowettbewerb\/\" target=\"_blank\" rel=\"noreferrer noopener\">Jetzt Foto einsenden<\/a><\/strong><\/p>\n","protected":false},"excerpt":{"rendered":"<p>Jetzt das beste Foto rund um das Thema &#8222;Landtechnik im Fr\u00fchling&#8220; hochladen und Chance auf den Hauptgewinn sichern.<\/p>\n","protected":false},"author":3,"featured_media":1049,"comment_status":"closed","ping_status":"open","sticky":false,"template":"","format":"standard","meta":{"footnotes":""},"categories":[15,1],"tags":[28,75],"class_list":["post-1048","post","type-post","status-publish","format-standard","has-post-thumbnail","hentry","category-landwirt","category-werbung","tag-fotowettbewerb","tag-landtechnik"],"yoast_head":"<!-- This site is optimized with the Yoast SEO plugin v27.5 - https:\/\/yoast.com\/product\/yoast-seo-wordpress\/ -->\n<title>Landwirt.com Fotowettbewerb: Wir suchen das beste Landtechnik-Foto<\/title>\n<meta name=\"description\" content=\"Ob beim D\u00fcngen oder Pfl\u00fcgen, ob bei Aussaat oder Ernte; es gibt viele Motive f\u00fcr unseren Fotowettbewerb &quot;Landtechnik im Fr\u00fchling&quot;. Jetzt mitmachen!\" \/>\n<meta name=\"robots\" content=\"noindex, nofollow\" \/>\n<meta property=\"og:locale\" content=\"de_DE\" \/>\n<meta property=\"og:type\" content=\"article\" \/>\n<meta property=\"og:title\" content=\"Landwirt.com Fotowettbewerb: Wir suchen das beste Landtechnik-Foto\" \/>\n<meta property=\"og:description\" content=\"Ob beim D\u00fcngen oder Pfl\u00fcgen, ob bei Aussaat oder Ernte; es gibt viele Motive f\u00fcr unseren Fotowettbewerb &quot;Landtechnik im Fr\u00fchling&quot;. Jetzt mitmachen!\" \/>\n<meta property=\"og:url\" content=\"https:\/\/www.landwirt.com\/news\/landwirt-com-fotowettbewerb-wir-suchen-das-beste-landtechnik-foto\/\" \/>\n<meta property=\"og:site_name\" content=\"Landwirt.com News\" \/>\n<meta property=\"article:published_time\" content=\"2020-04-21T09:08:20+00:00\" \/>\n<meta property=\"article:modified_time\" content=\"2026-04-07T10:55:42+00:00\" \/>\n<meta property=\"og:image\" content=\"https:\/\/www.landwirt.com\/news\/wp-content\/uploads\/2020\/04\/TopThema_Newsletter.jpg\" \/>\n\t<meta property=\"og:image:width\" content=\"670\" \/>\n\t<meta property=\"og:image:height\" content=\"422\" \/>\n\t<meta property=\"og:image:type\" content=\"image\/jpeg\" \/>\n<meta name=\"author\" content=\"Alexandra Schauer\" \/>\n<meta name=\"twitter:card\" content=\"summary_large_image\" \/>\n<meta name=\"twitter:label1\" content=\"Verfasst von\" \/>\n\t<meta name=\"twitter:data1\" content=\"Alexandra Schauer\" \/>\n\t<meta name=\"twitter:label2\" content=\"Gesch\u00e4tzte Lesezeit\" \/>\n\t<meta name=\"twitter:data2\" content=\"2 Minuten\" \/>\n<script type=\"application\/ld+json\" class=\"yoast-schema-graph\">{\"@context\":\"https:\\\/\\\/schema.org\",\"@graph\":[{\"@type\":\"Article\",\"@id\":\"https:\\\/\\\/www.landwirt.com\\\/news\\\/landwirt-com-fotowettbewerb-wir-suchen-das-beste-landtechnik-foto\\\/#article\",\"isPartOf\":{\"@id\":\"https:\\\/\\\/www.landwirt.com\\\/news\\\/landwirt-com-fotowettbewerb-wir-suchen-das-beste-landtechnik-foto\\\/\"},\"author\":{\"name\":\"Alexandra Schauer\",\"@id\":\"https:\\\/\\\/www.landwirt.com\\\/news\\\/#\\\/schema\\\/person\\\/627016cf4cf7fe2189ac7e234990f441\"},\"headline\":\"Landwirt.com Fotowettbewerb: Wir suchen das beste Landtechnik-Foto\",\"datePublished\":\"2020-04-21T09:08:20+00:00\",\"dateModified\":\"2026-04-07T10:55:42+00:00\",\"mainEntityOfPage\":{\"@id\":\"https:\\\/\\\/www.landwirt.com\\\/news\\\/landwirt-com-fotowettbewerb-wir-suchen-das-beste-landtechnik-foto\\\/\"},\"wordCount\":298,\"publisher\":{\"@id\":\"https:\\\/\\\/www.landwirt.com\\\/news\\\/#organization\"},\"image\":{\"@id\":\"https:\\\/\\\/www.landwirt.com\\\/news\\\/landwirt-com-fotowettbewerb-wir-suchen-das-beste-landtechnik-foto\\\/#primaryimage\"},\"thumbnailUrl\":\"https:\\\/\\\/www.landwirt.com\\\/news\\\/wp-content\\\/uploads\\\/2020\\\/04\\\/TopThema_Newsletter.jpg\",\"keywords\":[\"Fotowettbewerb\",\"Landtechnik\"],\"articleSection\":[\"Landwirt\",\"Werbung\"],\"inLanguage\":\"de-AT\"},{\"@type\":\"WebPage\",\"@id\":\"https:\\\/\\\/www.landwirt.com\\\/news\\\/landwirt-com-fotowettbewerb-wir-suchen-das-beste-landtechnik-foto\\\/\",\"url\":\"https:\\\/\\\/www.landwirt.com\\\/news\\\/landwirt-com-fotowettbewerb-wir-suchen-das-beste-landtechnik-foto\\\/\",\"name\":\"Landwirt.com Fotowettbewerb: Wir suchen das beste Landtechnik-Foto\",\"isPartOf\":{\"@id\":\"https:\\\/\\\/www.landwirt.com\\\/news\\\/#website\"},\"primaryImageOfPage\":{\"@id\":\"https:\\\/\\\/www.landwirt.com\\\/news\\\/landwirt-com-fotowettbewerb-wir-suchen-das-beste-landtechnik-foto\\\/#primaryimage\"},\"image\":{\"@id\":\"https:\\\/\\\/www.landwirt.com\\\/news\\\/landwirt-com-fotowettbewerb-wir-suchen-das-beste-landtechnik-foto\\\/#primaryimage\"},\"thumbnailUrl\":\"https:\\\/\\\/www.landwirt.com\\\/news\\\/wp-content\\\/uploads\\\/2020\\\/04\\\/TopThema_Newsletter.jpg\",\"datePublished\":\"2020-04-21T09:08:20+00:00\",\"dateModified\":\"2026-04-07T10:55:42+00:00\",\"description\":\"Ob beim D\u00fcngen oder Pfl\u00fcgen, ob bei Aussaat oder Ernte; es gibt viele Motive f\u00fcr unseren Fotowettbewerb \\\"Landtechnik im Fr\u00fchling\\\". Jetzt mitmachen!\",\"breadcrumb\":{\"@id\":\"https:\\\/\\\/www.landwirt.com\\\/news\\\/landwirt-com-fotowettbewerb-wir-suchen-das-beste-landtechnik-foto\\\/#breadcrumb\"},\"inLanguage\":\"de-AT\",\"potentialAction\":[{\"@type\":\"ReadAction\",\"target\":[\"https:\\\/\\\/www.landwirt.com\\\/news\\\/landwirt-com-fotowettbewerb-wir-suchen-das-beste-landtechnik-foto\\\/\"]}]},{\"@type\":\"ImageObject\",\"inLanguage\":\"de-AT\",\"@id\":\"https:\\\/\\\/www.landwirt.com\\\/news\\\/landwirt-com-fotowettbewerb-wir-suchen-das-beste-landtechnik-foto\\\/#primaryimage\",\"url\":\"https:\\\/\\\/www.landwirt.com\\\/news\\\/wp-content\\\/uploads\\\/2020\\\/04\\\/TopThema_Newsletter.jpg\",\"contentUrl\":\"https:\\\/\\\/www.landwirt.com\\\/news\\\/wp-content\\\/uploads\\\/2020\\\/04\\\/TopThema_Newsletter.jpg\",\"width\":670,\"height\":422},{\"@type\":\"BreadcrumbList\",\"@id\":\"https:\\\/\\\/www.landwirt.com\\\/news\\\/landwirt-com-fotowettbewerb-wir-suchen-das-beste-landtechnik-foto\\\/#breadcrumb\",\"itemListElement\":[{\"@type\":\"ListItem\",\"position\":1,\"name\":\"Home\",\"item\":\"https:\\\/\\\/www.landwirt.com\\\/news\\\/home\\\/\"},{\"@type\":\"ListItem\",\"position\":2,\"name\":\"Landwirt.com Fotowettbewerb: Wir suchen das beste Landtechnik-Foto\"}]},{\"@type\":\"WebSite\",\"@id\":\"https:\\\/\\\/www.landwirt.com\\\/news\\\/#website\",\"url\":\"https:\\\/\\\/www.landwirt.com\\\/news\\\/\",\"name\":\"Landwirt.com News\",\"description\":\"Landwirt.com News\",\"publisher\":{\"@id\":\"https:\\\/\\\/www.landwirt.com\\\/news\\\/#organization\"},\"potentialAction\":[{\"@type\":\"SearchAction\",\"target\":{\"@type\":\"EntryPoint\",\"urlTemplate\":\"https:\\\/\\\/www.landwirt.com\\\/news\\\/?s={search_term_string}\"},\"query-input\":{\"@type\":\"PropertyValueSpecification\",\"valueRequired\":true,\"valueName\":\"search_term_string\"}}],\"inLanguage\":\"de-AT\"},{\"@type\":\"Organization\",\"@id\":\"https:\\\/\\\/www.landwirt.com\\\/news\\\/#organization\",\"name\":\"LANDWIRT.COM GMBH\",\"url\":\"https:\\\/\\\/www.landwirt.com\\\/news\\\/\",\"logo\":{\"@type\":\"ImageObject\",\"inLanguage\":\"de-AT\",\"@id\":\"https:\\\/\\\/www.landwirt.com\\\/news\\\/#\\\/schema\\\/logo\\\/image\\\/\",\"url\":\"https:\\\/\\\/www.landwirt.com\\\/news\\\/wp-content\\\/uploads\\\/2020\\\/02\\\/LW-logo.png\",\"contentUrl\":\"https:\\\/\\\/www.landwirt.com\\\/news\\\/wp-content\\\/uploads\\\/2020\\\/02\\\/LW-logo.png\",\"width\":250,\"height\":58,\"caption\":\"LANDWIRT.COM GMBH\"},\"image\":{\"@id\":\"https:\\\/\\\/www.landwirt.com\\\/news\\\/#\\\/schema\\\/logo\\\/image\\\/\"}},{\"@type\":\"Person\",\"@id\":\"https:\\\/\\\/www.landwirt.com\\\/news\\\/#\\\/schema\\\/person\\\/627016cf4cf7fe2189ac7e234990f441\",\"name\":\"Alexandra Schauer\",\"image\":{\"@type\":\"ImageObject\",\"inLanguage\":\"de-AT\",\"@id\":\"https:\\\/\\\/secure.gravatar.com\\\/avatar\\\/7dc000820bab53d1e584af263fe6d4f9133557b5e0a6f573d3b8713ce8629c9f?s=96&d=mm&r=g\",\"url\":\"https:\\\/\\\/secure.gravatar.com\\\/avatar\\\/7dc000820bab53d1e584af263fe6d4f9133557b5e0a6f573d3b8713ce8629c9f?s=96&d=mm&r=g\",\"contentUrl\":\"https:\\\/\\\/secure.gravatar.com\\\/avatar\\\/7dc000820bab53d1e584af263fe6d4f9133557b5e0a6f573d3b8713ce8629c9f?s=96&d=mm&r=g\",\"caption\":\"Alexandra Schauer\"},\"url\":\"https:\\\/\\\/www.landwirt.com\\\/news\\\/author\\\/alex\\\/\"}]}<\/script>\n<!-- \/ Yoast SEO plugin. -->","yoast_head_json":{"title":"Landwirt.com Fotowettbewerb: Wir suchen das beste Landtechnik-Foto","description":"Ob beim D\u00fcngen oder Pfl\u00fcgen, ob bei Aussaat oder Ernte; es gibt viele Motive f\u00fcr unseren Fotowettbewerb \"Landtechnik im Fr\u00fchling\". Jetzt mitmachen!","robots":{"index":"noindex","follow":"nofollow"},"og_locale":"de_DE","og_type":"article","og_title":"Landwirt.com Fotowettbewerb: Wir suchen das beste Landtechnik-Foto","og_description":"Ob beim D\u00fcngen oder Pfl\u00fcgen, ob bei Aussaat oder Ernte; es gibt viele Motive f\u00fcr unseren Fotowettbewerb \"Landtechnik im Fr\u00fchling\". Jetzt mitmachen!","og_url":"https:\/\/www.landwirt.com\/news\/landwirt-com-fotowettbewerb-wir-suchen-das-beste-landtechnik-foto\/","og_site_name":"Landwirt.com News","article_published_time":"2020-04-21T09:08:20+00:00","article_modified_time":"2026-04-07T10:55:42+00:00","og_image":[{"width":670,"height":422,"url":"https:\/\/www.landwirt.com\/news\/wp-content\/uploads\/2020\/04\/TopThema_Newsletter.jpg","type":"image\/jpeg"}],"author":"Alexandra Schauer","twitter_card":"summary_large_image","twitter_misc":{"Verfasst von":"Alexandra Schauer","Gesch\u00e4tzte Lesezeit":"2 Minuten"},"schema":{"@context":"https:\/\/schema.org","@graph":[{"@type":"Article","@id":"https:\/\/www.landwirt.com\/news\/landwirt-com-fotowettbewerb-wir-suchen-das-beste-landtechnik-foto\/#article","isPartOf":{"@id":"https:\/\/www.landwirt.com\/news\/landwirt-com-fotowettbewerb-wir-suchen-das-beste-landtechnik-foto\/"},"author":{"name":"Alexandra Schauer","@id":"https:\/\/www.landwirt.com\/news\/#\/schema\/person\/627016cf4cf7fe2189ac7e234990f441"},"headline":"Landwirt.com Fotowettbewerb: Wir suchen das beste Landtechnik-Foto","datePublished":"2020-04-21T09:08:20+00:00","dateModified":"2026-04-07T10:55:42+00:00","mainEntityOfPage":{"@id":"https:\/\/www.landwirt.com\/news\/landwirt-com-fotowettbewerb-wir-suchen-das-beste-landtechnik-foto\/"},"wordCount":298,"publisher":{"@id":"https:\/\/www.landwirt.com\/news\/#organization"},"image":{"@id":"https:\/\/www.landwirt.com\/news\/landwirt-com-fotowettbewerb-wir-suchen-das-beste-landtechnik-foto\/#primaryimage"},"thumbnailUrl":"https:\/\/www.landwirt.com\/news\/wp-content\/uploads\/2020\/04\/TopThema_Newsletter.jpg","keywords":["Fotowettbewerb","Landtechnik"],"articleSection":["Landwirt","Werbung"],"inLanguage":"de-AT"},{"@type":"WebPage","@id":"https:\/\/www.landwirt.com\/news\/landwirt-com-fotowettbewerb-wir-suchen-das-beste-landtechnik-foto\/","url":"https:\/\/www.landwirt.com\/news\/landwirt-com-fotowettbewerb-wir-suchen-das-beste-landtechnik-foto\/","name":"Landwirt.com Fotowettbewerb: Wir suchen das beste Landtechnik-Foto","isPartOf":{"@id":"https:\/\/www.landwirt.com\/news\/#website"},"primaryImageOfPage":{"@id":"https:\/\/www.landwirt.com\/news\/landwirt-com-fotowettbewerb-wir-suchen-das-beste-landtechnik-foto\/#primaryimage"},"image":{"@id":"https:\/\/www.landwirt.com\/news\/landwirt-com-fotowettbewerb-wir-suchen-das-beste-landtechnik-foto\/#primaryimage"},"thumbnailUrl":"https:\/\/www.landwirt.com\/news\/wp-content\/uploads\/2020\/04\/TopThema_Newsletter.jpg","datePublished":"2020-04-21T09:08:20+00:00","dateModified":"2026-04-07T10:55:42+00:00","description":"Ob beim D\u00fcngen oder Pfl\u00fcgen, ob bei Aussaat oder Ernte; es gibt viele Motive f\u00fcr unseren Fotowettbewerb \"Landtechnik im Fr\u00fchling\". Jetzt mitmachen!","breadcrumb":{"@id":"https:\/\/www.landwirt.com\/news\/landwirt-com-fotowettbewerb-wir-suchen-das-beste-landtechnik-foto\/#breadcrumb"},"inLanguage":"de-AT","potentialAction":[{"@type":"ReadAction","target":["https:\/\/www.landwirt.com\/news\/landwirt-com-fotowettbewerb-wir-suchen-das-beste-landtechnik-foto\/"]}]},{"@type":"ImageObject","inLanguage":"de-AT","@id":"https:\/\/www.landwirt.com\/news\/landwirt-com-fotowettbewerb-wir-suchen-das-beste-landtechnik-foto\/#primaryimage","url":"https:\/\/www.landwirt.com\/news\/wp-content\/uploads\/2020\/04\/TopThema_Newsletter.jpg","contentUrl":"https:\/\/www.landwirt.com\/news\/wp-content\/uploads\/2020\/04\/TopThema_Newsletter.jpg","width":670,"height":422},{"@type":"BreadcrumbList","@id":"https:\/\/www.landwirt.com\/news\/landwirt-com-fotowettbewerb-wir-suchen-das-beste-landtechnik-foto\/#breadcrumb","itemListElement":[{"@type":"ListItem","position":1,"name":"Home","item":"https:\/\/www.landwirt.com\/news\/home\/"},{"@type":"ListItem","position":2,"name":"Landwirt.com Fotowettbewerb: Wir suchen das beste Landtechnik-Foto"}]},{"@type":"WebSite","@id":"https:\/\/www.landwirt.com\/news\/#website","url":"https:\/\/www.landwirt.com\/news\/","name":"Landwirt.com News","description":"Landwirt.com News","publisher":{"@id":"https:\/\/www.landwirt.com\/news\/#organization"},"potentialAction":[{"@type":"SearchAction","target":{"@type":"EntryPoint","urlTemplate":"https:\/\/www.landwirt.com\/news\/?s={search_term_string}"},"query-input":{"@type":"PropertyValueSpecification","valueRequired":true,"valueName":"search_term_string"}}],"inLanguage":"de-AT"},{"@type":"Organization","@id":"https:\/\/www.landwirt.com\/news\/#organization","name":"LANDWIRT.COM GMBH","url":"https:\/\/www.landwirt.com\/news\/","logo":{"@type":"ImageObject","inLanguage":"de-AT","@id":"https:\/\/www.landwirt.com\/news\/#\/schema\/logo\/image\/","url":"https:\/\/www.landwirt.com\/news\/wp-content\/uploads\/2020\/02\/LW-logo.png","contentUrl":"https:\/\/www.landwirt.com\/news\/wp-content\/uploads\/2020\/02\/LW-logo.png","width":250,"height":58,"caption":"LANDWIRT.COM GMBH"},"image":{"@id":"https:\/\/www.landwirt.com\/news\/#\/schema\/logo\/image\/"}},{"@type":"Person","@id":"https:\/\/www.landwirt.com\/news\/#\/schema\/person\/627016cf4cf7fe2189ac7e234990f441","name":"Alexandra Schauer","image":{"@type":"ImageObject","inLanguage":"de-AT","@id":"https:\/\/secure.gravatar.com\/avatar\/7dc000820bab53d1e584af263fe6d4f9133557b5e0a6f573d3b8713ce8629c9f?s=96&d=mm&r=g","url":"https:\/\/secure.gravatar.com\/avatar\/7dc000820bab53d1e584af263fe6d4f9133557b5e0a6f573d3b8713ce8629c9f?s=96&d=mm&r=g","contentUrl":"https:\/\/secure.gravatar.com\/avatar\/7dc000820bab53d1e584af263fe6d4f9133557b5e0a6f573d3b8713ce8629c9f?s=96&d=mm&r=g","caption":"Alexandra Schauer"},"url":"https:\/\/www.landwirt.com\/news\/author\/alex\/"}]}},"_links":{"self":[{"href":"https:\/\/www.landwirt.com\/news\/wp-json\/wp\/v2\/posts\/1048","targetHints":{"allow":["GET"]}}],"collection":[{"href":"https:\/\/www.landwirt.com\/news\/wp-json\/wp\/v2\/posts"}],"about":[{"href":"https:\/\/www.landwirt.com\/news\/wp-json\/wp\/v2\/types\/post"}],"author":[{"embeddable":true,"href":"https:\/\/www.landwirt.com\/news\/wp-json\/wp\/v2\/users\/3"}],"replies":[{"embeddable":true,"href":"https:\/\/www.landwirt.com\/news\/wp-json\/wp\/v2\/comments?post=1048"}],"version-history":[{"count":2,"href":"https:\/\/www.landwirt.com\/news\/wp-json\/wp\/v2\/posts\/1048\/revisions"}],"predecessor-version":[{"id":1062,"href":"https:\/\/www.landwirt.com\/news\/wp-json\/wp\/v2\/posts\/1048\/revisions\/1062"}],"wp:featuredmedia":[{"embeddable":true,"href":"https:\/\/www.landwirt.com\/news\/wp-json\/wp\/v2\/media\/1049"}],"wp:attachment":[{"href":"https:\/\/www.landwirt.com\/news\/wp-json\/wp\/v2\/media?parent=1048"}],"wp:term":[{"taxonomy":"category","embeddable":true,"href":"https:\/\/www.landwirt.com\/news\/wp-json\/wp\/v2\/categories?post=1048"},{"taxonomy":"post_tag","embeddable":true,"href":"https:\/\/www.landwirt.com\/news\/wp-json\/wp\/v2\/tags?post=1048"}],"curies":[{"name":"wp","href":"https:\/\/api.w.org\/{rel}","templated":true}]}}