{"id":10477,"date":"2022-09-29T14:17:16","date_gmt":"2022-09-29T12:17:16","guid":{"rendered":"https:\/\/www.landwirt.com\/news\/?p=10477"},"modified":"2022-09-29T14:17:18","modified_gmt":"2022-09-29T12:17:18","slug":"zulassungsstatistik-zugmaschinen-in-oesterreich-jaenner-bis-august-2022","status":"publish","type":"post","link":"https:\/\/www.landwirt.com\/news\/zulassungsstatistik-zugmaschinen-in-oesterreich-jaenner-bis-august-2022\/","title":{"rendered":"Zulassungsstatistik Zugmaschinen in \u00d6sterreich J\u00e4nner bis August 2022"},"content":{"rendered":"\n<hr class=\"wp-block-separator\"\/>\n\n\n\n<h3 class=\"has-text-align-center wp-block-heading\"> Die Zulassungen von Standardtraktoren sind bei allen Marken unter dem Niveau von 2021 im selben Zeitraum.<\/h3>\n\n\n\n<div style=\"height:20px\" aria-hidden=\"true\" class=\"wp-block-spacer\"><\/div>\n\n\n\n<figure class=\"wp-block-image size-full\"><img loading=\"lazy\" decoding=\"async\" width=\"4094\" height=\"2058\" src=\"https:\/\/www.landwirt.com\/news\/wp-content\/uploads\/2022\/09\/Zulassungsstatstik-standardtraktoren-jan-aug-2022.png\" alt=\"\" class=\"wp-image-10479\" srcset=\"https:\/\/www.landwirt.com\/news\/wp-content\/uploads\/2022\/09\/Zulassungsstatstik-standardtraktoren-jan-aug-2022.png 4094w, https:\/\/www.landwirt.com\/news\/wp-content\/uploads\/2022\/09\/Zulassungsstatstik-standardtraktoren-jan-aug-2022-300x151.png 300w, https:\/\/www.landwirt.com\/news\/wp-content\/uploads\/2022\/09\/Zulassungsstatstik-standardtraktoren-jan-aug-2022-1030x518.png 1030w, https:\/\/www.landwirt.com\/news\/wp-content\/uploads\/2022\/09\/Zulassungsstatstik-standardtraktoren-jan-aug-2022-768x386.png 768w, https:\/\/www.landwirt.com\/news\/wp-content\/uploads\/2022\/09\/Zulassungsstatstik-standardtraktoren-jan-aug-2022-1536x772.png 1536w, https:\/\/www.landwirt.com\/news\/wp-content\/uploads\/2022\/09\/Zulassungsstatstik-standardtraktoren-jan-aug-2022-2048x1030.png 2048w, https:\/\/www.landwirt.com\/news\/wp-content\/uploads\/2022\/09\/Zulassungsstatstik-standardtraktoren-jan-aug-2022-1500x754.png 1500w, https:\/\/www.landwirt.com\/news\/wp-content\/uploads\/2022\/09\/Zulassungsstatstik-standardtraktoren-jan-aug-2022-705x354.png 705w\" sizes=\"auto, (max-width: 4094px) 100vw, 4094px\" \/><\/figure>\n\n\n\n<p>Mit den Zulassungszahlen von J\u00e4nner bis August 2022 sind nun alle Marken unter dem Level von 2021. Wobei Lindner, Massey Ferguson und Valtra ann\u00e4hernd dieselbe Anzahl von Zulassungen vorweisen k\u00f6nnen als im Vorjahr. Bei den Platzierungen 1-10 gab es keine Ver\u00e4nderung im Vergleich zum Vormonat.<\/p>\n\n\n\n<h2 class=\"wp-block-heading\">Weitere Zugmaschinen-Zulassungen<\/h2>\n\n\n\n<div class=\"wp-block-columns is-layout-flex wp-container-core-columns-is-layout-9d6595d7 wp-block-columns-is-layout-flex\">\n<div class=\"wp-block-column is-vertically-aligned-center is-layout-flow wp-block-column-is-layout-flow\" style=\"flex-basis:30%\">\n<p>Auch im Bereich Obst- und Weinbautraktoren und Traktoren mit 4 gleich gro\u00dfen R\u00e4dern sind Zahlen bei den Zulassungen 2022 r\u00fcckl\u00e4ufige. Bei den Klein- und Kompakttraktoren sind die Zulassungen allerdings ann\u00e4hernd gleich und bei den Sonstigen Maschinen*** konnte 2022 sogar ein klares Plus gegen\u00fcber den Vorjahren verzeichnet werden.<\/p>\n\n\n\n<p style=\"font-size:0.85em\">*** Ausschlie\u00dflich Quads, ATVs, etc. \u2013 verwendet in der Land- und Forstwirtschaft<\/p>\n<\/div>\n\n\n\n<div class=\"wp-block-column is-vertically-aligned-bottom is-layout-flow wp-block-column-is-layout-flow\" style=\"flex-basis:70%\">\n<figure class=\"wp-block-image size-full\"><img loading=\"lazy\" decoding=\"async\" width=\"3248\" height=\"1587\" src=\"https:\/\/www.landwirt.com\/news\/wp-content\/uploads\/2022\/09\/Zulassungsstatistik-Zugmaschinen-2022-08.png\" alt=\"\" class=\"wp-image-10483\" srcset=\"https:\/\/www.landwirt.com\/news\/wp-content\/uploads\/2022\/09\/Zulassungsstatistik-Zugmaschinen-2022-08.png 3248w, https:\/\/www.landwirt.com\/news\/wp-content\/uploads\/2022\/09\/Zulassungsstatistik-Zugmaschinen-2022-08-300x147.png 300w, https:\/\/www.landwirt.com\/news\/wp-content\/uploads\/2022\/09\/Zulassungsstatistik-Zugmaschinen-2022-08-1030x503.png 1030w, https:\/\/www.landwirt.com\/news\/wp-content\/uploads\/2022\/09\/Zulassungsstatistik-Zugmaschinen-2022-08-768x375.png 768w, https:\/\/www.landwirt.com\/news\/wp-content\/uploads\/2022\/09\/Zulassungsstatistik-Zugmaschinen-2022-08-1536x751.png 1536w, https:\/\/www.landwirt.com\/news\/wp-content\/uploads\/2022\/09\/Zulassungsstatistik-Zugmaschinen-2022-08-2048x1001.png 2048w, https:\/\/www.landwirt.com\/news\/wp-content\/uploads\/2022\/09\/Zulassungsstatistik-Zugmaschinen-2022-08-1500x733.png 1500w, https:\/\/www.landwirt.com\/news\/wp-content\/uploads\/2022\/09\/Zulassungsstatistik-Zugmaschinen-2022-08-705x344.png 705w\" sizes=\"auto, (max-width: 3248px) 100vw, 3248px\" \/><\/figure>\n<\/div>\n<\/div>\n\n\n\n<div class=\"wp-block-columns is-layout-flex wp-container-core-columns-is-layout-9d6595d7 wp-block-columns-is-layout-flex\">\n<div class=\"wp-block-column is-layout-flow wp-block-column-is-layout-flow\">\n<figure class=\"wp-block-image size-large\"><img loading=\"lazy\" decoding=\"async\" width=\"1030\" height=\"831\" src=\"https:\/\/www.landwirt.com\/news\/wp-content\/uploads\/2022\/09\/marktanzeil-o-w-traktoren-jan-juli-2022-1-1030x831.png\" alt=\"\" class=\"wp-image-10490\" srcset=\"https:\/\/www.landwirt.com\/news\/wp-content\/uploads\/2022\/09\/marktanzeil-o-w-traktoren-jan-juli-2022-1-1030x831.png 1030w, https:\/\/www.landwirt.com\/news\/wp-content\/uploads\/2022\/09\/marktanzeil-o-w-traktoren-jan-juli-2022-1-300x242.png 300w, https:\/\/www.landwirt.com\/news\/wp-content\/uploads\/2022\/09\/marktanzeil-o-w-traktoren-jan-juli-2022-1-768x620.png 768w, https:\/\/www.landwirt.com\/news\/wp-content\/uploads\/2022\/09\/marktanzeil-o-w-traktoren-jan-juli-2022-1-1536x1239.png 1536w, https:\/\/www.landwirt.com\/news\/wp-content\/uploads\/2022\/09\/marktanzeil-o-w-traktoren-jan-juli-2022-1-2048x1652.png 2048w, https:\/\/www.landwirt.com\/news\/wp-content\/uploads\/2022\/09\/marktanzeil-o-w-traktoren-jan-juli-2022-1-1500x1210.png 1500w, https:\/\/www.landwirt.com\/news\/wp-content\/uploads\/2022\/09\/marktanzeil-o-w-traktoren-jan-juli-2022-1-495x400.png 495w, https:\/\/www.landwirt.com\/news\/wp-content\/uploads\/2022\/09\/marktanzeil-o-w-traktoren-jan-juli-2022-1-705x569.png 705w\" sizes=\"auto, (max-width: 1030px) 100vw, 1030px\" \/><\/figure>\n<\/div>\n\n\n\n<div class=\"wp-block-column is-layout-flow wp-block-column-is-layout-flow\">\n<h2 class=\"wp-block-heading\"> Marktanteil Obst- und Weinbautraktoren <\/h2>\n\n\n\n<p>Beinahe die H\u00e4lfte aller Zulassungen im Jahr 2022 gehen auf das Konto von Fendt. Danach folgt Massey Ferguson mit 12% Marktanteil. Den 3. Platz belegt New Holland mit einem Anteil von 10%. Knapp ein Drittel des Marktes teilen sich die restlichen Marken (Same, Kubota, Claas, Case IH, Landini, Deutz-Fahr, Lamborghini und John Deere).<\/p>\n\n\n\n<p style=\"font-size:0.85em\">Quelle: Statistik Austria, erstellt CLUB LANDTECHNIK AUSTRIA<\/p>\n<\/div>\n<\/div>\n","protected":false},"excerpt":{"rendered":"<p>Die Zulassungen von Standardtraktoren sind bei allen Marken hinter dem Niveau von 2021 im selben Zeitraum.<\/p>\n","protected":false},"author":15,"featured_media":10494,"comment_status":"closed","ping_status":"closed","sticky":false,"template":"","format":"standard","meta":{"footnotes":""},"categories":[15,1,14],"tags":[56,55,62,183,57,54],"class_list":["post-10477","post","type-post","status-publish","format-standard","has-post-thumbnail","hentry","category-landwirt","category-werbung","category-zulassungsstatistik","tag-obsttraktoren","tag-standardtraktoren","tag-traktor","tag-traktoren","tag-weinbautraktoren","tag-zulassungsstatistik"],"yoast_head":"<!-- This site is optimized with the Yoast SEO plugin v27.5 - https:\/\/yoast.com\/product\/yoast-seo-wordpress\/ -->\n<title>Zulassungsstatistik Zugmaschinen in \u00d6sterreich J\u00e4nner bis August 2022 - Landwirt.com News<\/title>\n<meta name=\"robots\" content=\"index, follow, max-snippet:-1, max-image-preview:large, max-video-preview:-1\" \/>\n<meta property=\"og:locale\" content=\"de_DE\" \/>\n<meta property=\"og:type\" content=\"article\" \/>\n<meta property=\"og:title\" content=\"Zulassungsstatistik Zugmaschinen in \u00d6sterreich J\u00e4nner bis August 2022 - Landwirt.com News\" \/>\n<meta property=\"og:description\" content=\"Die Zulassungen von Standardtraktoren sind bei allen Marken hinter dem Niveau von 2021 im selben Zeitraum.\" \/>\n<meta property=\"og:url\" content=\"https:\/\/www.landwirt.com\/news\/zulassungsstatistik-zugmaschinen-in-oesterreich-jaenner-bis-august-2022\/\" \/>\n<meta property=\"og:site_name\" content=\"Landwirt.com News\" \/>\n<meta property=\"article:published_time\" content=\"2022-09-29T12:17:16+00:00\" \/>\n<meta property=\"article:modified_time\" content=\"2022-09-29T12:17:18+00:00\" \/>\n<meta property=\"og:image\" content=\"https:\/\/www.landwirt.com\/news\/wp-content\/uploads\/2022\/09\/Beitragsbild-zulassungsstatistik-Aug-2022.jpg\" \/>\n\t<meta property=\"og:image:width\" content=\"495\" \/>\n\t<meta property=\"og:image:height\" content=\"400\" \/>\n\t<meta property=\"og:image:type\" content=\"image\/jpeg\" \/>\n<meta name=\"author\" content=\"Edith Winter\" \/>\n<meta name=\"twitter:card\" content=\"summary_large_image\" \/>\n<meta name=\"twitter:label1\" content=\"Verfasst von\" \/>\n\t<meta name=\"twitter:data1\" content=\"Edith Winter\" \/>\n\t<meta name=\"twitter:label2\" content=\"Gesch\u00e4tzte Lesezeit\" \/>\n\t<meta name=\"twitter:data2\" content=\"2 Minuten\" \/>\n<script type=\"application\/ld+json\" class=\"yoast-schema-graph\">{\"@context\":\"https:\\\/\\\/schema.org\",\"@graph\":[{\"@type\":\"Article\",\"@id\":\"https:\\\/\\\/www.landwirt.com\\\/news\\\/zulassungsstatistik-zugmaschinen-in-oesterreich-jaenner-bis-august-2022\\\/#article\",\"isPartOf\":{\"@id\":\"https:\\\/\\\/www.landwirt.com\\\/news\\\/zulassungsstatistik-zugmaschinen-in-oesterreich-jaenner-bis-august-2022\\\/\"},\"author\":{\"name\":\"Edith Winter\",\"@id\":\"https:\\\/\\\/www.landwirt.com\\\/news\\\/#\\\/schema\\\/person\\\/58b1026d44b61c2d0c39d2d1220d43e9\"},\"headline\":\"Zulassungsstatistik Zugmaschinen in \u00d6sterreich J\u00e4nner bis August 2022\",\"datePublished\":\"2022-09-29T12:17:16+00:00\",\"dateModified\":\"2022-09-29T12:17:18+00:00\",\"mainEntityOfPage\":{\"@id\":\"https:\\\/\\\/www.landwirt.com\\\/news\\\/zulassungsstatistik-zugmaschinen-in-oesterreich-jaenner-bis-august-2022\\\/\"},\"wordCount\":194,\"publisher\":{\"@id\":\"https:\\\/\\\/www.landwirt.com\\\/news\\\/#organization\"},\"image\":{\"@id\":\"https:\\\/\\\/www.landwirt.com\\\/news\\\/zulassungsstatistik-zugmaschinen-in-oesterreich-jaenner-bis-august-2022\\\/#primaryimage\"},\"thumbnailUrl\":\"https:\\\/\\\/www.landwirt.com\\\/news\\\/wp-content\\\/uploads\\\/2022\\\/09\\\/Beitragsbild-zulassungsstatistik-Aug-2022.jpg\",\"keywords\":[\"Obsttraktoren\",\"Standardtraktoren\",\"Traktor\",\"Traktoren\",\"Weinbautraktoren\",\"Zulassungsstatistik\"],\"articleSection\":[\"Landwirt\",\"Werbung\",\"Zulassungsstatistik\"],\"inLanguage\":\"de-AT\"},{\"@type\":\"WebPage\",\"@id\":\"https:\\\/\\\/www.landwirt.com\\\/news\\\/zulassungsstatistik-zugmaschinen-in-oesterreich-jaenner-bis-august-2022\\\/\",\"url\":\"https:\\\/\\\/www.landwirt.com\\\/news\\\/zulassungsstatistik-zugmaschinen-in-oesterreich-jaenner-bis-august-2022\\\/\",\"name\":\"Zulassungsstatistik Zugmaschinen in \u00d6sterreich J\u00e4nner bis August 2022 - Landwirt.com News\",\"isPartOf\":{\"@id\":\"https:\\\/\\\/www.landwirt.com\\\/news\\\/#website\"},\"primaryImageOfPage\":{\"@id\":\"https:\\\/\\\/www.landwirt.com\\\/news\\\/zulassungsstatistik-zugmaschinen-in-oesterreich-jaenner-bis-august-2022\\\/#primaryimage\"},\"image\":{\"@id\":\"https:\\\/\\\/www.landwirt.com\\\/news\\\/zulassungsstatistik-zugmaschinen-in-oesterreich-jaenner-bis-august-2022\\\/#primaryimage\"},\"thumbnailUrl\":\"https:\\\/\\\/www.landwirt.com\\\/news\\\/wp-content\\\/uploads\\\/2022\\\/09\\\/Beitragsbild-zulassungsstatistik-Aug-2022.jpg\",\"datePublished\":\"2022-09-29T12:17:16+00:00\",\"dateModified\":\"2022-09-29T12:17:18+00:00\",\"breadcrumb\":{\"@id\":\"https:\\\/\\\/www.landwirt.com\\\/news\\\/zulassungsstatistik-zugmaschinen-in-oesterreich-jaenner-bis-august-2022\\\/#breadcrumb\"},\"inLanguage\":\"de-AT\",\"potentialAction\":[{\"@type\":\"ReadAction\",\"target\":[\"https:\\\/\\\/www.landwirt.com\\\/news\\\/zulassungsstatistik-zugmaschinen-in-oesterreich-jaenner-bis-august-2022\\\/\"]}]},{\"@type\":\"ImageObject\",\"inLanguage\":\"de-AT\",\"@id\":\"https:\\\/\\\/www.landwirt.com\\\/news\\\/zulassungsstatistik-zugmaschinen-in-oesterreich-jaenner-bis-august-2022\\\/#primaryimage\",\"url\":\"https:\\\/\\\/www.landwirt.com\\\/news\\\/wp-content\\\/uploads\\\/2022\\\/09\\\/Beitragsbild-zulassungsstatistik-Aug-2022.jpg\",\"contentUrl\":\"https:\\\/\\\/www.landwirt.com\\\/news\\\/wp-content\\\/uploads\\\/2022\\\/09\\\/Beitragsbild-zulassungsstatistik-Aug-2022.jpg\",\"width\":495,\"height\":400},{\"@type\":\"BreadcrumbList\",\"@id\":\"https:\\\/\\\/www.landwirt.com\\\/news\\\/zulassungsstatistik-zugmaschinen-in-oesterreich-jaenner-bis-august-2022\\\/#breadcrumb\",\"itemListElement\":[{\"@type\":\"ListItem\",\"position\":1,\"name\":\"Home\",\"item\":\"https:\\\/\\\/www.landwirt.com\\\/news\\\/home\\\/\"},{\"@type\":\"ListItem\",\"position\":2,\"name\":\"Zulassungsstatistik Zugmaschinen in \u00d6sterreich J\u00e4nner bis August 2022\"}]},{\"@type\":\"WebSite\",\"@id\":\"https:\\\/\\\/www.landwirt.com\\\/news\\\/#website\",\"url\":\"https:\\\/\\\/www.landwirt.com\\\/news\\\/\",\"name\":\"Landwirt.com News\",\"description\":\"Landwirt.com News\",\"publisher\":{\"@id\":\"https:\\\/\\\/www.landwirt.com\\\/news\\\/#organization\"},\"potentialAction\":[{\"@type\":\"SearchAction\",\"target\":{\"@type\":\"EntryPoint\",\"urlTemplate\":\"https:\\\/\\\/www.landwirt.com\\\/news\\\/?s={search_term_string}\"},\"query-input\":{\"@type\":\"PropertyValueSpecification\",\"valueRequired\":true,\"valueName\":\"search_term_string\"}}],\"inLanguage\":\"de-AT\"},{\"@type\":\"Organization\",\"@id\":\"https:\\\/\\\/www.landwirt.com\\\/news\\\/#organization\",\"name\":\"LANDWIRT.COM GMBH\",\"url\":\"https:\\\/\\\/www.landwirt.com\\\/news\\\/\",\"logo\":{\"@type\":\"ImageObject\",\"inLanguage\":\"de-AT\",\"@id\":\"https:\\\/\\\/www.landwirt.com\\\/news\\\/#\\\/schema\\\/logo\\\/image\\\/\",\"url\":\"https:\\\/\\\/www.landwirt.com\\\/news\\\/wp-content\\\/uploads\\\/2020\\\/02\\\/LW-logo.png\",\"contentUrl\":\"https:\\\/\\\/www.landwirt.com\\\/news\\\/wp-content\\\/uploads\\\/2020\\\/02\\\/LW-logo.png\",\"width\":250,\"height\":58,\"caption\":\"LANDWIRT.COM GMBH\"},\"image\":{\"@id\":\"https:\\\/\\\/www.landwirt.com\\\/news\\\/#\\\/schema\\\/logo\\\/image\\\/\"}},{\"@type\":\"Person\",\"@id\":\"https:\\\/\\\/www.landwirt.com\\\/news\\\/#\\\/schema\\\/person\\\/58b1026d44b61c2d0c39d2d1220d43e9\",\"name\":\"Edith Winter\",\"image\":{\"@type\":\"ImageObject\",\"inLanguage\":\"de-AT\",\"@id\":\"https:\\\/\\\/secure.gravatar.com\\\/avatar\\\/a8a5aac669c36d589ec506dc09b6dcb6e1c7c0b8731e97f1f2dcea5e26e28095?s=96&d=mm&r=g\",\"url\":\"https:\\\/\\\/secure.gravatar.com\\\/avatar\\\/a8a5aac669c36d589ec506dc09b6dcb6e1c7c0b8731e97f1f2dcea5e26e28095?s=96&d=mm&r=g\",\"contentUrl\":\"https:\\\/\\\/secure.gravatar.com\\\/avatar\\\/a8a5aac669c36d589ec506dc09b6dcb6e1c7c0b8731e97f1f2dcea5e26e28095?s=96&d=mm&r=g\",\"caption\":\"Edith Winter\"},\"url\":\"https:\\\/\\\/www.landwirt.com\\\/news\\\/author\\\/edith\\\/\"}]}<\/script>\n<!-- \/ Yoast SEO plugin. -->","yoast_head_json":{"title":"Zulassungsstatistik Zugmaschinen in \u00d6sterreich J\u00e4nner bis August 2022 - Landwirt.com News","robots":{"index":"index","follow":"follow","max-snippet":"max-snippet:-1","max-image-preview":"max-image-preview:large","max-video-preview":"max-video-preview:-1"},"og_locale":"de_DE","og_type":"article","og_title":"Zulassungsstatistik Zugmaschinen in \u00d6sterreich J\u00e4nner bis August 2022 - Landwirt.com News","og_description":"Die Zulassungen von Standardtraktoren sind bei allen Marken hinter dem Niveau von 2021 im selben Zeitraum.","og_url":"https:\/\/www.landwirt.com\/news\/zulassungsstatistik-zugmaschinen-in-oesterreich-jaenner-bis-august-2022\/","og_site_name":"Landwirt.com News","article_published_time":"2022-09-29T12:17:16+00:00","article_modified_time":"2022-09-29T12:17:18+00:00","og_image":[{"width":495,"height":400,"url":"https:\/\/www.landwirt.com\/news\/wp-content\/uploads\/2022\/09\/Beitragsbild-zulassungsstatistik-Aug-2022.jpg","type":"image\/jpeg"}],"author":"Edith Winter","twitter_card":"summary_large_image","twitter_misc":{"Verfasst von":"Edith Winter","Gesch\u00e4tzte Lesezeit":"2 Minuten"},"schema":{"@context":"https:\/\/schema.org","@graph":[{"@type":"Article","@id":"https:\/\/www.landwirt.com\/news\/zulassungsstatistik-zugmaschinen-in-oesterreich-jaenner-bis-august-2022\/#article","isPartOf":{"@id":"https:\/\/www.landwirt.com\/news\/zulassungsstatistik-zugmaschinen-in-oesterreich-jaenner-bis-august-2022\/"},"author":{"name":"Edith Winter","@id":"https:\/\/www.landwirt.com\/news\/#\/schema\/person\/58b1026d44b61c2d0c39d2d1220d43e9"},"headline":"Zulassungsstatistik Zugmaschinen in \u00d6sterreich J\u00e4nner bis August 2022","datePublished":"2022-09-29T12:17:16+00:00","dateModified":"2022-09-29T12:17:18+00:00","mainEntityOfPage":{"@id":"https:\/\/www.landwirt.com\/news\/zulassungsstatistik-zugmaschinen-in-oesterreich-jaenner-bis-august-2022\/"},"wordCount":194,"publisher":{"@id":"https:\/\/www.landwirt.com\/news\/#organization"},"image":{"@id":"https:\/\/www.landwirt.com\/news\/zulassungsstatistik-zugmaschinen-in-oesterreich-jaenner-bis-august-2022\/#primaryimage"},"thumbnailUrl":"https:\/\/www.landwirt.com\/news\/wp-content\/uploads\/2022\/09\/Beitragsbild-zulassungsstatistik-Aug-2022.jpg","keywords":["Obsttraktoren","Standardtraktoren","Traktor","Traktoren","Weinbautraktoren","Zulassungsstatistik"],"articleSection":["Landwirt","Werbung","Zulassungsstatistik"],"inLanguage":"de-AT"},{"@type":"WebPage","@id":"https:\/\/www.landwirt.com\/news\/zulassungsstatistik-zugmaschinen-in-oesterreich-jaenner-bis-august-2022\/","url":"https:\/\/www.landwirt.com\/news\/zulassungsstatistik-zugmaschinen-in-oesterreich-jaenner-bis-august-2022\/","name":"Zulassungsstatistik Zugmaschinen in \u00d6sterreich J\u00e4nner bis August 2022 - Landwirt.com News","isPartOf":{"@id":"https:\/\/www.landwirt.com\/news\/#website"},"primaryImageOfPage":{"@id":"https:\/\/www.landwirt.com\/news\/zulassungsstatistik-zugmaschinen-in-oesterreich-jaenner-bis-august-2022\/#primaryimage"},"image":{"@id":"https:\/\/www.landwirt.com\/news\/zulassungsstatistik-zugmaschinen-in-oesterreich-jaenner-bis-august-2022\/#primaryimage"},"thumbnailUrl":"https:\/\/www.landwirt.com\/news\/wp-content\/uploads\/2022\/09\/Beitragsbild-zulassungsstatistik-Aug-2022.jpg","datePublished":"2022-09-29T12:17:16+00:00","dateModified":"2022-09-29T12:17:18+00:00","breadcrumb":{"@id":"https:\/\/www.landwirt.com\/news\/zulassungsstatistik-zugmaschinen-in-oesterreich-jaenner-bis-august-2022\/#breadcrumb"},"inLanguage":"de-AT","potentialAction":[{"@type":"ReadAction","target":["https:\/\/www.landwirt.com\/news\/zulassungsstatistik-zugmaschinen-in-oesterreich-jaenner-bis-august-2022\/"]}]},{"@type":"ImageObject","inLanguage":"de-AT","@id":"https:\/\/www.landwirt.com\/news\/zulassungsstatistik-zugmaschinen-in-oesterreich-jaenner-bis-august-2022\/#primaryimage","url":"https:\/\/www.landwirt.com\/news\/wp-content\/uploads\/2022\/09\/Beitragsbild-zulassungsstatistik-Aug-2022.jpg","contentUrl":"https:\/\/www.landwirt.com\/news\/wp-content\/uploads\/2022\/09\/Beitragsbild-zulassungsstatistik-Aug-2022.jpg","width":495,"height":400},{"@type":"BreadcrumbList","@id":"https:\/\/www.landwirt.com\/news\/zulassungsstatistik-zugmaschinen-in-oesterreich-jaenner-bis-august-2022\/#breadcrumb","itemListElement":[{"@type":"ListItem","position":1,"name":"Home","item":"https:\/\/www.landwirt.com\/news\/home\/"},{"@type":"ListItem","position":2,"name":"Zulassungsstatistik Zugmaschinen in \u00d6sterreich J\u00e4nner bis August 2022"}]},{"@type":"WebSite","@id":"https:\/\/www.landwirt.com\/news\/#website","url":"https:\/\/www.landwirt.com\/news\/","name":"Landwirt.com News","description":"Landwirt.com News","publisher":{"@id":"https:\/\/www.landwirt.com\/news\/#organization"},"potentialAction":[{"@type":"SearchAction","target":{"@type":"EntryPoint","urlTemplate":"https:\/\/www.landwirt.com\/news\/?s={search_term_string}"},"query-input":{"@type":"PropertyValueSpecification","valueRequired":true,"valueName":"search_term_string"}}],"inLanguage":"de-AT"},{"@type":"Organization","@id":"https:\/\/www.landwirt.com\/news\/#organization","name":"LANDWIRT.COM GMBH","url":"https:\/\/www.landwirt.com\/news\/","logo":{"@type":"ImageObject","inLanguage":"de-AT","@id":"https:\/\/www.landwirt.com\/news\/#\/schema\/logo\/image\/","url":"https:\/\/www.landwirt.com\/news\/wp-content\/uploads\/2020\/02\/LW-logo.png","contentUrl":"https:\/\/www.landwirt.com\/news\/wp-content\/uploads\/2020\/02\/LW-logo.png","width":250,"height":58,"caption":"LANDWIRT.COM GMBH"},"image":{"@id":"https:\/\/www.landwirt.com\/news\/#\/schema\/logo\/image\/"}},{"@type":"Person","@id":"https:\/\/www.landwirt.com\/news\/#\/schema\/person\/58b1026d44b61c2d0c39d2d1220d43e9","name":"Edith Winter","image":{"@type":"ImageObject","inLanguage":"de-AT","@id":"https:\/\/secure.gravatar.com\/avatar\/a8a5aac669c36d589ec506dc09b6dcb6e1c7c0b8731e97f1f2dcea5e26e28095?s=96&d=mm&r=g","url":"https:\/\/secure.gravatar.com\/avatar\/a8a5aac669c36d589ec506dc09b6dcb6e1c7c0b8731e97f1f2dcea5e26e28095?s=96&d=mm&r=g","contentUrl":"https:\/\/secure.gravatar.com\/avatar\/a8a5aac669c36d589ec506dc09b6dcb6e1c7c0b8731e97f1f2dcea5e26e28095?s=96&d=mm&r=g","caption":"Edith Winter"},"url":"https:\/\/www.landwirt.com\/news\/author\/edith\/"}]}},"_links":{"self":[{"href":"https:\/\/www.landwirt.com\/news\/wp-json\/wp\/v2\/posts\/10477","targetHints":{"allow":["GET"]}}],"collection":[{"href":"https:\/\/www.landwirt.com\/news\/wp-json\/wp\/v2\/posts"}],"about":[{"href":"https:\/\/www.landwirt.com\/news\/wp-json\/wp\/v2\/types\/post"}],"author":[{"embeddable":true,"href":"https:\/\/www.landwirt.com\/news\/wp-json\/wp\/v2\/users\/15"}],"replies":[{"embeddable":true,"href":"https:\/\/www.landwirt.com\/news\/wp-json\/wp\/v2\/comments?post=10477"}],"version-history":[{"count":12,"href":"https:\/\/www.landwirt.com\/news\/wp-json\/wp\/v2\/posts\/10477\/revisions"}],"predecessor-version":[{"id":10493,"href":"https:\/\/www.landwirt.com\/news\/wp-json\/wp\/v2\/posts\/10477\/revisions\/10493"}],"wp:featuredmedia":[{"embeddable":true,"href":"https:\/\/www.landwirt.com\/news\/wp-json\/wp\/v2\/media\/10494"}],"wp:attachment":[{"href":"https:\/\/www.landwirt.com\/news\/wp-json\/wp\/v2\/media?parent=10477"}],"wp:term":[{"taxonomy":"category","embeddable":true,"href":"https:\/\/www.landwirt.com\/news\/wp-json\/wp\/v2\/categories?post=10477"},{"taxonomy":"post_tag","embeddable":true,"href":"https:\/\/www.landwirt.com\/news\/wp-json\/wp\/v2\/tags?post=10477"}],"curies":[{"name":"wp","href":"https:\/\/api.w.org\/{rel}","templated":true}]}}