{"id":1033,"date":"2020-04-17T13:14:09","date_gmt":"2020-04-17T11:14:09","guid":{"rendered":"https:\/\/news.landwirt.com\/?p=1033"},"modified":"2022-05-10T12:04:40","modified_gmt":"2022-05-10T10:04:40","slug":"rehkitze-und-niederwild-bei-der-fruhjahrsmahd-schutzen","status":"publish","type":"post","link":"https:\/\/www.landwirt.com\/news\/rehkitze-und-niederwild-bei-der-fruhjahrsmahd-schutzen\/","title":{"rendered":"Rehkitze und Niederwild bei der Fr\u00fchjahrsmahd sch\u00fctzen"},"content":{"rendered":"\n<p><strong>Auch in Corona-Zeiten kommt es bei der Mahd von Gr\u00fcnland oder Energiepflanzen wie Gr\u00fcnroggen auf die Kitzrettung an. <\/strong><\/p>\n\n\n\n<div class=\"wp-block-media-text alignwide is-stacked-on-mobile\"><figure class=\"wp-block-media-text__media\"><img loading=\"lazy\" decoding=\"async\" width=\"670\" height=\"477\" src=\"https:\/\/www.landwirt.com\/news\/wp-content\/uploads\/2020\/04\/Rehkitz.jpg\" alt=\"Effektiver Wildtierschutz beginnt bereits vor der Mahd, so die Verb\u00e4nde.\" class=\"wp-image-1034 size-full\" srcset=\"https:\/\/www.landwirt.com\/news\/wp-content\/uploads\/2020\/04\/Rehkitz.jpg 670w, https:\/\/www.landwirt.com\/news\/wp-content\/uploads\/2020\/04\/Rehkitz-300x214.jpg 300w, https:\/\/www.landwirt.com\/news\/wp-content\/uploads\/2020\/04\/Rehkitz-260x185.jpg 260w\" sizes=\"auto, (max-width: 670px) 100vw, 670px\" \/><\/figure><div class=\"wp-block-media-text__content\">\n<p>Die Fr\u00fchjahrsmahd f\u00e4llt zusammen mit der Brut- und Setzzeit vieler Wildtiere, die in Wiesen und Gr\u00fcnroggen ihren Nachwuchs sicher w\u00e4hnen. Doch \u201eDucken und Tarnen\u201c sch\u00fctzt zwar vor dem Fuchs, nicht aber vor dem Kreiselm\u00e4her oder dem M\u00e4hbalken. Darauf machen Bundesverband Lohnunternehmen (BLU), Bundesverband der Maschinenringe (BMR), Deutscher Bauernverband (DBV) und Deutscher Jagdverband (DJV) aufmerksam. Die Verb\u00e4nde empfehlen den Landwirten, den M\u00e4htermin mindestens 24 Stunden vorher mit dem Jagdp\u00e4chter abzusprechen oder selbst erforderliche Ma\u00dfnahmen f\u00fcr den Schutz von Wildtieren durchzuf\u00fchren.<\/p>\n<\/div><\/div>\n\n\n\n<p><strong>Tierschutz planen<\/strong><\/p>\n\n\n\n<p>Effektiver Wildtierschutz beginnt bereits vor der Mahd, so die Verb\u00e4nde. Entscheidend ist dabei, die anstehenden Gr\u00fcnschnitt-Termine \u2013 f\u00fcr Silage oder Biomasseproduktion \u2013 rechtzeitig mit dem Jagdp\u00e4chter abzustimmen und die M\u00e4hweise dem Tierverhalten anzupassen. Die Verb\u00e4nde empfehlen, das Gr\u00fcnland grunds\u00e4tzlich von innen nach au\u00dfen zu m\u00e4hen. Das erm\u00f6glicht Rehen, Feldhasen oder Fasanen w\u00e4hrend der Mahd die M\u00f6glichkeit zur Flucht. Bei der Ernte der Ganzpflanzensilage verspricht die Begrenzung der Schnitth\u00f6he auf etwa 15 bis 20 Zentimeter in der kritischen Aufzuchtzeit zus\u00e4tzlichen Erfolg \u2013 gerade bei Rehkitzen, die sich instinktiv ducken, oder auch bei Bodenbr\u00fctern.<\/p>\n\n\n\n<p><strong>Eine Ma\u00dfnahme pro Hektar hilft bereits<\/strong><\/p>\n\n\n\n<p>Vor dem eigentlichen M\u00e4htermin haben sich verschiedene Ma\u00dfnahmen bew\u00e4hrt, um Tierleben zu sch\u00fctzen. Dazu geh\u00f6ren auch in Corona-Zeiten mit dem gebotenen Sicherheitsabstand zu eventuellen Mitstreitern etwa das Absuchen der Wiesen mit Jagdhunden. Knistert\u00fcten, Flatterb\u00e4nder oder Kofferradios, die bereits am Vorabend aufgestellt werden, sind ebenfalls effektiv und kosteng\u00fcnstig: Rehe zum Beispiel sind beunruhigt und bringen ihren Nachwuchs in Sicherheit. Elektronische Wildscheuchen, die unterschiedliche T\u00f6ne wie Menschenstimmen, klassische Musik oder Motorenger\u00e4usche aussenden, haben sich im Praxiseinsatz bew\u00e4hrt. Bereits eine Ma\u00dfnahme pro Hektar zur Vertreibung wirkt, haben Experten herausgefunden.<\/p>\n\n\n\n<p><strong>Drohnen besonders f\u00fcr gro\u00dfe Fl\u00e4chen<\/strong><\/p>\n\n\n\n<p>Abh\u00e4ngig von der Witterung k\u00f6nnen vor allem Drohnen helfen, die nach Ergebnissen des Konjunkturbarometer Agrar in fast jedem 10. landwirtschaftlichen Betrieb im Einsatz sind. In Kombination mit Infrarot-Technik helfen sie, Jungtiere auf gro\u00dfen Fl\u00e4chen zu lokalisieren. Derartige Ma\u00dfnahmen sind wichtig, um tierschutzrechtlichen Verpflichtungen nachzukommen.<\/p>\n\n\n\n<p>Die Verb\u00e4nde fordern die Politik auf, der Forschungs- und Innovationsf\u00f6rderung zum Schutz von Wildtieren eine hohe Priorit\u00e4t einzur\u00e4umen. Besonders digitale Techniken und verbesserte Infrarottechnik haben das Potential, Rehkitze und Niederwild nachhaltig sch\u00fctzen zu k\u00f6nnen.<\/p>\n\n\n\n<p><strong><a rel=\"noreferrer noopener\" href=\"https:\/\/vimeo.com\/erlesen\/review\/168789408\/215f80260f\" target=\"_blank\">Die richtige Fr\u00fchmahd im Video erkl\u00e4rt<\/a><\/strong><\/p>\n\n\n\n<p>Kontakt: <strong>BLU Bundesverband Lohnunternehmen e.V.<\/strong>: <a href=\"http:\/\/www.lohnunternehmen.de\" target=\"_blank\" rel=\"noreferrer noopener sponsored nofollow\">www.lohnunternehmen.de<\/a><\/p>\n","protected":false},"excerpt":{"rendered":"<p>Auch in Corona-Zeiten kommt es bei der Mahd von Gr\u00fcnland oder Energiepflanzen wie Gr\u00fcnroggen auf die Kitzrettung an. <\/p>\n","protected":false},"author":3,"featured_media":1034,"comment_status":"closed","ping_status":"closed","sticky":false,"template":"","format":"standard","meta":{"footnotes":""},"categories":[1],"tags":[120,195,312],"class_list":["post-1033","post","type-post","status-publish","format-standard","has-post-thumbnail","hentry","category-werbung","tag-corona","tag-grunland","tag-tierwohl"],"yoast_head":"<!-- This site is optimized with the Yoast SEO plugin v27.4 - https:\/\/yoast.com\/product\/yoast-seo-wordpress\/ -->\n<title>Rehkitze und Niederwild bei der Fr\u00fchjahrsmahd sch\u00fctzen<\/title>\n<meta name=\"description\" content=\"Auch in Corona-Zeiten kommt es bei der Mahd von Gr\u00fcnland oder Energiepflanzen auf die Kitzrettung an. Ma\u00dfnahmen f\u00fcr den Schutz von Wildtieren.\" \/>\n<meta name=\"robots\" content=\"index, follow, max-snippet:-1, max-image-preview:large, max-video-preview:-1\" \/>\n<meta property=\"og:locale\" content=\"de_DE\" \/>\n<meta property=\"og:type\" content=\"article\" \/>\n<meta property=\"og:title\" content=\"Rehkitze und Niederwild bei der Fr\u00fchjahrsmahd sch\u00fctzen\" \/>\n<meta property=\"og:description\" content=\"Auch in Corona-Zeiten kommt es bei der Mahd von Gr\u00fcnland oder Energiepflanzen auf die Kitzrettung an. Ma\u00dfnahmen f\u00fcr den Schutz von Wildtieren.\" \/>\n<meta property=\"og:url\" content=\"https:\/\/www.landwirt.com\/news\/rehkitze-und-niederwild-bei-der-fruhjahrsmahd-schutzen\/\" \/>\n<meta property=\"og:site_name\" content=\"Landwirt.com News\" \/>\n<meta property=\"article:published_time\" content=\"2020-04-17T11:14:09+00:00\" \/>\n<meta property=\"article:modified_time\" content=\"2022-05-10T10:04:40+00:00\" \/>\n<meta property=\"og:image\" content=\"https:\/\/www.landwirt.com\/news\/wp-content\/uploads\/2020\/04\/Rehkitz.jpg\" \/>\n\t<meta property=\"og:image:width\" content=\"670\" \/>\n\t<meta property=\"og:image:height\" content=\"477\" \/>\n\t<meta property=\"og:image:type\" content=\"image\/jpeg\" \/>\n<meta name=\"author\" content=\"Alexandra Schauer\" \/>\n<meta name=\"twitter:card\" content=\"summary_large_image\" \/>\n<meta name=\"twitter:label1\" content=\"Verfasst von\" \/>\n\t<meta name=\"twitter:data1\" content=\"Alexandra Schauer\" \/>\n\t<meta name=\"twitter:label2\" content=\"Gesch\u00e4tzte Lesezeit\" \/>\n\t<meta name=\"twitter:data2\" content=\"3 Minuten\" \/>\n<script type=\"application\/ld+json\" class=\"yoast-schema-graph\">{\"@context\":\"https:\\\/\\\/schema.org\",\"@graph\":[{\"@type\":\"Article\",\"@id\":\"https:\\\/\\\/www.landwirt.com\\\/news\\\/rehkitze-und-niederwild-bei-der-fruhjahrsmahd-schutzen\\\/#article\",\"isPartOf\":{\"@id\":\"https:\\\/\\\/www.landwirt.com\\\/news\\\/rehkitze-und-niederwild-bei-der-fruhjahrsmahd-schutzen\\\/\"},\"author\":{\"name\":\"Alexandra Schauer\",\"@id\":\"https:\\\/\\\/www.landwirt.com\\\/news\\\/#\\\/schema\\\/person\\\/627016cf4cf7fe2189ac7e234990f441\"},\"headline\":\"Rehkitze und Niederwild bei der Fr\u00fchjahrsmahd sch\u00fctzen\",\"datePublished\":\"2020-04-17T11:14:09+00:00\",\"dateModified\":\"2022-05-10T10:04:40+00:00\",\"mainEntityOfPage\":{\"@id\":\"https:\\\/\\\/www.landwirt.com\\\/news\\\/rehkitze-und-niederwild-bei-der-fruhjahrsmahd-schutzen\\\/\"},\"wordCount\":443,\"publisher\":{\"@id\":\"https:\\\/\\\/www.landwirt.com\\\/news\\\/#organization\"},\"image\":{\"@id\":\"https:\\\/\\\/www.landwirt.com\\\/news\\\/rehkitze-und-niederwild-bei-der-fruhjahrsmahd-schutzen\\\/#primaryimage\"},\"thumbnailUrl\":\"https:\\\/\\\/www.landwirt.com\\\/news\\\/wp-content\\\/uploads\\\/2020\\\/04\\\/Rehkitz.jpg\",\"keywords\":[\"Corona\",\"Gr\u00fcnland\",\"Tierwohl\"],\"articleSection\":[\"Werbung\"],\"inLanguage\":\"de-AT\"},{\"@type\":\"WebPage\",\"@id\":\"https:\\\/\\\/www.landwirt.com\\\/news\\\/rehkitze-und-niederwild-bei-der-fruhjahrsmahd-schutzen\\\/\",\"url\":\"https:\\\/\\\/www.landwirt.com\\\/news\\\/rehkitze-und-niederwild-bei-der-fruhjahrsmahd-schutzen\\\/\",\"name\":\"Rehkitze und Niederwild bei der Fr\u00fchjahrsmahd sch\u00fctzen\",\"isPartOf\":{\"@id\":\"https:\\\/\\\/www.landwirt.com\\\/news\\\/#website\"},\"primaryImageOfPage\":{\"@id\":\"https:\\\/\\\/www.landwirt.com\\\/news\\\/rehkitze-und-niederwild-bei-der-fruhjahrsmahd-schutzen\\\/#primaryimage\"},\"image\":{\"@id\":\"https:\\\/\\\/www.landwirt.com\\\/news\\\/rehkitze-und-niederwild-bei-der-fruhjahrsmahd-schutzen\\\/#primaryimage\"},\"thumbnailUrl\":\"https:\\\/\\\/www.landwirt.com\\\/news\\\/wp-content\\\/uploads\\\/2020\\\/04\\\/Rehkitz.jpg\",\"datePublished\":\"2020-04-17T11:14:09+00:00\",\"dateModified\":\"2022-05-10T10:04:40+00:00\",\"description\":\"Auch in Corona-Zeiten kommt es bei der Mahd von Gr\u00fcnland oder Energiepflanzen auf die Kitzrettung an. Ma\u00dfnahmen f\u00fcr den Schutz von Wildtieren.\",\"breadcrumb\":{\"@id\":\"https:\\\/\\\/www.landwirt.com\\\/news\\\/rehkitze-und-niederwild-bei-der-fruhjahrsmahd-schutzen\\\/#breadcrumb\"},\"inLanguage\":\"de-AT\",\"potentialAction\":[{\"@type\":\"ReadAction\",\"target\":[\"https:\\\/\\\/www.landwirt.com\\\/news\\\/rehkitze-und-niederwild-bei-der-fruhjahrsmahd-schutzen\\\/\"]}]},{\"@type\":\"ImageObject\",\"inLanguage\":\"de-AT\",\"@id\":\"https:\\\/\\\/www.landwirt.com\\\/news\\\/rehkitze-und-niederwild-bei-der-fruhjahrsmahd-schutzen\\\/#primaryimage\",\"url\":\"https:\\\/\\\/www.landwirt.com\\\/news\\\/wp-content\\\/uploads\\\/2020\\\/04\\\/Rehkitz.jpg\",\"contentUrl\":\"https:\\\/\\\/www.landwirt.com\\\/news\\\/wp-content\\\/uploads\\\/2020\\\/04\\\/Rehkitz.jpg\",\"width\":670,\"height\":477},{\"@type\":\"BreadcrumbList\",\"@id\":\"https:\\\/\\\/www.landwirt.com\\\/news\\\/rehkitze-und-niederwild-bei-der-fruhjahrsmahd-schutzen\\\/#breadcrumb\",\"itemListElement\":[{\"@type\":\"ListItem\",\"position\":1,\"name\":\"Home\",\"item\":\"https:\\\/\\\/www.landwirt.com\\\/news\\\/home\\\/\"},{\"@type\":\"ListItem\",\"position\":2,\"name\":\"Rehkitze und Niederwild bei der Fr\u00fchjahrsmahd sch\u00fctzen\"}]},{\"@type\":\"WebSite\",\"@id\":\"https:\\\/\\\/www.landwirt.com\\\/news\\\/#website\",\"url\":\"https:\\\/\\\/www.landwirt.com\\\/news\\\/\",\"name\":\"Landwirt.com News\",\"description\":\"Landwirt.com News\",\"publisher\":{\"@id\":\"https:\\\/\\\/www.landwirt.com\\\/news\\\/#organization\"},\"potentialAction\":[{\"@type\":\"SearchAction\",\"target\":{\"@type\":\"EntryPoint\",\"urlTemplate\":\"https:\\\/\\\/www.landwirt.com\\\/news\\\/?s={search_term_string}\"},\"query-input\":{\"@type\":\"PropertyValueSpecification\",\"valueRequired\":true,\"valueName\":\"search_term_string\"}}],\"inLanguage\":\"de-AT\"},{\"@type\":\"Organization\",\"@id\":\"https:\\\/\\\/www.landwirt.com\\\/news\\\/#organization\",\"name\":\"LANDWIRT.COM GMBH\",\"url\":\"https:\\\/\\\/www.landwirt.com\\\/news\\\/\",\"logo\":{\"@type\":\"ImageObject\",\"inLanguage\":\"de-AT\",\"@id\":\"https:\\\/\\\/www.landwirt.com\\\/news\\\/#\\\/schema\\\/logo\\\/image\\\/\",\"url\":\"https:\\\/\\\/www.landwirt.com\\\/news\\\/wp-content\\\/uploads\\\/2020\\\/02\\\/LW-logo.png\",\"contentUrl\":\"https:\\\/\\\/www.landwirt.com\\\/news\\\/wp-content\\\/uploads\\\/2020\\\/02\\\/LW-logo.png\",\"width\":250,\"height\":58,\"caption\":\"LANDWIRT.COM GMBH\"},\"image\":{\"@id\":\"https:\\\/\\\/www.landwirt.com\\\/news\\\/#\\\/schema\\\/logo\\\/image\\\/\"}},{\"@type\":\"Person\",\"@id\":\"https:\\\/\\\/www.landwirt.com\\\/news\\\/#\\\/schema\\\/person\\\/627016cf4cf7fe2189ac7e234990f441\",\"name\":\"Alexandra Schauer\",\"image\":{\"@type\":\"ImageObject\",\"inLanguage\":\"de-AT\",\"@id\":\"https:\\\/\\\/secure.gravatar.com\\\/avatar\\\/7dc000820bab53d1e584af263fe6d4f9133557b5e0a6f573d3b8713ce8629c9f?s=96&d=mm&r=g\",\"url\":\"https:\\\/\\\/secure.gravatar.com\\\/avatar\\\/7dc000820bab53d1e584af263fe6d4f9133557b5e0a6f573d3b8713ce8629c9f?s=96&d=mm&r=g\",\"contentUrl\":\"https:\\\/\\\/secure.gravatar.com\\\/avatar\\\/7dc000820bab53d1e584af263fe6d4f9133557b5e0a6f573d3b8713ce8629c9f?s=96&d=mm&r=g\",\"caption\":\"Alexandra Schauer\"},\"url\":\"https:\\\/\\\/www.landwirt.com\\\/news\\\/author\\\/alex\\\/\"}]}<\/script>\n<!-- \/ Yoast SEO plugin. -->","yoast_head_json":{"title":"Rehkitze und Niederwild bei der Fr\u00fchjahrsmahd sch\u00fctzen","description":"Auch in Corona-Zeiten kommt es bei der Mahd von Gr\u00fcnland oder Energiepflanzen auf die Kitzrettung an. Ma\u00dfnahmen f\u00fcr den Schutz von Wildtieren.","robots":{"index":"index","follow":"follow","max-snippet":"max-snippet:-1","max-image-preview":"max-image-preview:large","max-video-preview":"max-video-preview:-1"},"og_locale":"de_DE","og_type":"article","og_title":"Rehkitze und Niederwild bei der Fr\u00fchjahrsmahd sch\u00fctzen","og_description":"Auch in Corona-Zeiten kommt es bei der Mahd von Gr\u00fcnland oder Energiepflanzen auf die Kitzrettung an. Ma\u00dfnahmen f\u00fcr den Schutz von Wildtieren.","og_url":"https:\/\/www.landwirt.com\/news\/rehkitze-und-niederwild-bei-der-fruhjahrsmahd-schutzen\/","og_site_name":"Landwirt.com News","article_published_time":"2020-04-17T11:14:09+00:00","article_modified_time":"2022-05-10T10:04:40+00:00","og_image":[{"width":670,"height":477,"url":"https:\/\/www.landwirt.com\/news\/wp-content\/uploads\/2020\/04\/Rehkitz.jpg","type":"image\/jpeg"}],"author":"Alexandra Schauer","twitter_card":"summary_large_image","twitter_misc":{"Verfasst von":"Alexandra Schauer","Gesch\u00e4tzte Lesezeit":"3 Minuten"},"schema":{"@context":"https:\/\/schema.org","@graph":[{"@type":"Article","@id":"https:\/\/www.landwirt.com\/news\/rehkitze-und-niederwild-bei-der-fruhjahrsmahd-schutzen\/#article","isPartOf":{"@id":"https:\/\/www.landwirt.com\/news\/rehkitze-und-niederwild-bei-der-fruhjahrsmahd-schutzen\/"},"author":{"name":"Alexandra Schauer","@id":"https:\/\/www.landwirt.com\/news\/#\/schema\/person\/627016cf4cf7fe2189ac7e234990f441"},"headline":"Rehkitze und Niederwild bei der Fr\u00fchjahrsmahd sch\u00fctzen","datePublished":"2020-04-17T11:14:09+00:00","dateModified":"2022-05-10T10:04:40+00:00","mainEntityOfPage":{"@id":"https:\/\/www.landwirt.com\/news\/rehkitze-und-niederwild-bei-der-fruhjahrsmahd-schutzen\/"},"wordCount":443,"publisher":{"@id":"https:\/\/www.landwirt.com\/news\/#organization"},"image":{"@id":"https:\/\/www.landwirt.com\/news\/rehkitze-und-niederwild-bei-der-fruhjahrsmahd-schutzen\/#primaryimage"},"thumbnailUrl":"https:\/\/www.landwirt.com\/news\/wp-content\/uploads\/2020\/04\/Rehkitz.jpg","keywords":["Corona","Gr\u00fcnland","Tierwohl"],"articleSection":["Werbung"],"inLanguage":"de-AT"},{"@type":"WebPage","@id":"https:\/\/www.landwirt.com\/news\/rehkitze-und-niederwild-bei-der-fruhjahrsmahd-schutzen\/","url":"https:\/\/www.landwirt.com\/news\/rehkitze-und-niederwild-bei-der-fruhjahrsmahd-schutzen\/","name":"Rehkitze und Niederwild bei der Fr\u00fchjahrsmahd sch\u00fctzen","isPartOf":{"@id":"https:\/\/www.landwirt.com\/news\/#website"},"primaryImageOfPage":{"@id":"https:\/\/www.landwirt.com\/news\/rehkitze-und-niederwild-bei-der-fruhjahrsmahd-schutzen\/#primaryimage"},"image":{"@id":"https:\/\/www.landwirt.com\/news\/rehkitze-und-niederwild-bei-der-fruhjahrsmahd-schutzen\/#primaryimage"},"thumbnailUrl":"https:\/\/www.landwirt.com\/news\/wp-content\/uploads\/2020\/04\/Rehkitz.jpg","datePublished":"2020-04-17T11:14:09+00:00","dateModified":"2022-05-10T10:04:40+00:00","description":"Auch in Corona-Zeiten kommt es bei der Mahd von Gr\u00fcnland oder Energiepflanzen auf die Kitzrettung an. Ma\u00dfnahmen f\u00fcr den Schutz von Wildtieren.","breadcrumb":{"@id":"https:\/\/www.landwirt.com\/news\/rehkitze-und-niederwild-bei-der-fruhjahrsmahd-schutzen\/#breadcrumb"},"inLanguage":"de-AT","potentialAction":[{"@type":"ReadAction","target":["https:\/\/www.landwirt.com\/news\/rehkitze-und-niederwild-bei-der-fruhjahrsmahd-schutzen\/"]}]},{"@type":"ImageObject","inLanguage":"de-AT","@id":"https:\/\/www.landwirt.com\/news\/rehkitze-und-niederwild-bei-der-fruhjahrsmahd-schutzen\/#primaryimage","url":"https:\/\/www.landwirt.com\/news\/wp-content\/uploads\/2020\/04\/Rehkitz.jpg","contentUrl":"https:\/\/www.landwirt.com\/news\/wp-content\/uploads\/2020\/04\/Rehkitz.jpg","width":670,"height":477},{"@type":"BreadcrumbList","@id":"https:\/\/www.landwirt.com\/news\/rehkitze-und-niederwild-bei-der-fruhjahrsmahd-schutzen\/#breadcrumb","itemListElement":[{"@type":"ListItem","position":1,"name":"Home","item":"https:\/\/www.landwirt.com\/news\/home\/"},{"@type":"ListItem","position":2,"name":"Rehkitze und Niederwild bei der Fr\u00fchjahrsmahd sch\u00fctzen"}]},{"@type":"WebSite","@id":"https:\/\/www.landwirt.com\/news\/#website","url":"https:\/\/www.landwirt.com\/news\/","name":"Landwirt.com News","description":"Landwirt.com News","publisher":{"@id":"https:\/\/www.landwirt.com\/news\/#organization"},"potentialAction":[{"@type":"SearchAction","target":{"@type":"EntryPoint","urlTemplate":"https:\/\/www.landwirt.com\/news\/?s={search_term_string}"},"query-input":{"@type":"PropertyValueSpecification","valueRequired":true,"valueName":"search_term_string"}}],"inLanguage":"de-AT"},{"@type":"Organization","@id":"https:\/\/www.landwirt.com\/news\/#organization","name":"LANDWIRT.COM GMBH","url":"https:\/\/www.landwirt.com\/news\/","logo":{"@type":"ImageObject","inLanguage":"de-AT","@id":"https:\/\/www.landwirt.com\/news\/#\/schema\/logo\/image\/","url":"https:\/\/www.landwirt.com\/news\/wp-content\/uploads\/2020\/02\/LW-logo.png","contentUrl":"https:\/\/www.landwirt.com\/news\/wp-content\/uploads\/2020\/02\/LW-logo.png","width":250,"height":58,"caption":"LANDWIRT.COM GMBH"},"image":{"@id":"https:\/\/www.landwirt.com\/news\/#\/schema\/logo\/image\/"}},{"@type":"Person","@id":"https:\/\/www.landwirt.com\/news\/#\/schema\/person\/627016cf4cf7fe2189ac7e234990f441","name":"Alexandra Schauer","image":{"@type":"ImageObject","inLanguage":"de-AT","@id":"https:\/\/secure.gravatar.com\/avatar\/7dc000820bab53d1e584af263fe6d4f9133557b5e0a6f573d3b8713ce8629c9f?s=96&d=mm&r=g","url":"https:\/\/secure.gravatar.com\/avatar\/7dc000820bab53d1e584af263fe6d4f9133557b5e0a6f573d3b8713ce8629c9f?s=96&d=mm&r=g","contentUrl":"https:\/\/secure.gravatar.com\/avatar\/7dc000820bab53d1e584af263fe6d4f9133557b5e0a6f573d3b8713ce8629c9f?s=96&d=mm&r=g","caption":"Alexandra Schauer"},"url":"https:\/\/www.landwirt.com\/news\/author\/alex\/"}]}},"_links":{"self":[{"href":"https:\/\/www.landwirt.com\/news\/wp-json\/wp\/v2\/posts\/1033","targetHints":{"allow":["GET"]}}],"collection":[{"href":"https:\/\/www.landwirt.com\/news\/wp-json\/wp\/v2\/posts"}],"about":[{"href":"https:\/\/www.landwirt.com\/news\/wp-json\/wp\/v2\/types\/post"}],"author":[{"embeddable":true,"href":"https:\/\/www.landwirt.com\/news\/wp-json\/wp\/v2\/users\/3"}],"replies":[{"embeddable":true,"href":"https:\/\/www.landwirt.com\/news\/wp-json\/wp\/v2\/comments?post=1033"}],"version-history":[{"count":2,"href":"https:\/\/www.landwirt.com\/news\/wp-json\/wp\/v2\/posts\/1033\/revisions"}],"predecessor-version":[{"id":9339,"href":"https:\/\/www.landwirt.com\/news\/wp-json\/wp\/v2\/posts\/1033\/revisions\/9339"}],"wp:featuredmedia":[{"embeddable":true,"href":"https:\/\/www.landwirt.com\/news\/wp-json\/wp\/v2\/media\/1034"}],"wp:attachment":[{"href":"https:\/\/www.landwirt.com\/news\/wp-json\/wp\/v2\/media?parent=1033"}],"wp:term":[{"taxonomy":"category","embeddable":true,"href":"https:\/\/www.landwirt.com\/news\/wp-json\/wp\/v2\/categories?post=1033"},{"taxonomy":"post_tag","embeddable":true,"href":"https:\/\/www.landwirt.com\/news\/wp-json\/wp\/v2\/tags?post=1033"}],"curies":[{"name":"wp","href":"https:\/\/api.w.org\/{rel}","templated":true}]}}