{"id":10268,"date":"2022-08-16T14:01:20","date_gmt":"2022-08-16T12:01:20","guid":{"rendered":"https:\/\/www.landwirt.com\/news\/?p=10268"},"modified":"2022-08-16T14:03:37","modified_gmt":"2022-08-16T12:03:37","slug":"neuausrichtung-des-modularen-bildungsangebotes-der-zukunftsakademie-mostviertel","status":"publish","type":"post","link":"https:\/\/www.landwirt.com\/news\/neuausrichtung-des-modularen-bildungsangebotes-der-zukunftsakademie-mostviertel\/","title":{"rendered":"Neuausrichtung des modularen Bildungsangebotes der Zukunftsakademie Mostviertel"},"content":{"rendered":"\n<hr class=\"wp-block-separator\"\/>\n\n\n\n<p><strong>Wirtschaftsnahe Aus- und Weiterbildung vom Einzelmodul bis zum Masterabschluss &#8211; und das individuell, berufsbegleitend und flexibel!<\/strong><\/p>\n\n\n\n<p>Die Anforderungen an Aus- und Weiterbildung steigen, der Anspruch an fachliche Inhalte wird spezifischer und die digitale Transformation ver\u00e4ndert sowohl das pers\u00f6nliche Lernverhalten als auch das Lernumfeld.<\/p>\n\n\n\n<div class=\"wp-block-columns is-layout-flex wp-container-core-columns-is-layout-9d6595d7 wp-block-columns-is-layout-flex\">\n<div class=\"wp-block-column is-vertically-aligned-center is-layout-flow wp-block-column-is-layout-flow\">\n<p>Das modulare, flexibel kombinierbare und mehrstufige Ausbildungssystem der Zukunftsakademie Mostviertel erm\u00f6glicht den Studierenden individualisierte Lernpfade, um sich gezielt themenspezifisch nach den eigenen Bed\u00fcrfnissen weiterzubilden. Unser Angebot setzt sich aus Grundlagen- und Vertiefungsmodulen zusammen. So genannte \u201eMicrocredentials\u201c k\u00f6nnen individuell als kompaktes Einzelmodul (5 bis 10 ECTS), Zertifikatslehrgang (15 ECTS), akademischer Lehrgang (60 ECTS) oder Master (120 ECTS) absolviert werden. Der rollierende Einstieg und die Anrechnungsm\u00f6glichkeit der absolvierten Module schaffen zeitliche Unabh\u00e4ngigkeit und mehr Flexibilit\u00e4t.<\/p>\n<\/div>\n\n\n\n<div class=\"wp-block-column is-layout-flow wp-block-column-is-layout-flow\">\n<figure class=\"wp-block-image size-large\"><a href=\"https:\/\/www.landwirt.com\/news\/wp-content\/uploads\/2022\/08\/zukunftsakademie-mostviertel-agrarmanagement.png\"><img loading=\"lazy\" decoding=\"async\" width=\"1030\" height=\"569\" src=\"https:\/\/www.landwirt.com\/news\/wp-content\/uploads\/2022\/08\/zukunftsakademie-mostviertel-agrarmanagement-1030x569.png\" alt=\"\" class=\"wp-image-10269\" srcset=\"https:\/\/www.landwirt.com\/news\/wp-content\/uploads\/2022\/08\/zukunftsakademie-mostviertel-agrarmanagement-1030x569.png 1030w, https:\/\/www.landwirt.com\/news\/wp-content\/uploads\/2022\/08\/zukunftsakademie-mostviertel-agrarmanagement-300x166.png 300w, https:\/\/www.landwirt.com\/news\/wp-content\/uploads\/2022\/08\/zukunftsakademie-mostviertel-agrarmanagement-768x424.png 768w, https:\/\/www.landwirt.com\/news\/wp-content\/uploads\/2022\/08\/zukunftsakademie-mostviertel-agrarmanagement-1536x849.png 1536w, https:\/\/www.landwirt.com\/news\/wp-content\/uploads\/2022\/08\/zukunftsakademie-mostviertel-agrarmanagement-1500x829.png 1500w, https:\/\/www.landwirt.com\/news\/wp-content\/uploads\/2022\/08\/zukunftsakademie-mostviertel-agrarmanagement-705x389.png 705w, https:\/\/www.landwirt.com\/news\/wp-content\/uploads\/2022\/08\/zukunftsakademie-mostviertel-agrarmanagement.png 1564w\" sizes=\"auto, (max-width: 1030px) 100vw, 1030px\" \/><\/a><\/figure>\n<\/div>\n<\/div>\n\n\n\n<p>&nbsp;Es warten auf Sie auf den neuesten Technologiestand gebrachte Inhalte u.a. zu Produktionsmanagement, Agrartechnologie und Business Intelligence!<\/p>\n\n\n\n<h3 class=\"wp-block-heading\">Next level in Production: Akademischer Lehrgang \u201eProduktionsmanagement\u201c<\/h3>\n\n\n\n<p>Der Lehrgang bietet die Erweiterung der Kompetenzen im Bereich Produktions- und Projektmanagement, Business Analytics und Strategisches Management. Er richtet sich an (k\u00fcnftige) F\u00fchrungskr\u00e4fte, zu deren Aufgaben die strategische Entwicklung, die Produktionsplanung, die Prozessoptimierung und die erfolgreiche Projektumsetzung z\u00e4hlen. Neben einer einschl\u00e4gigen fachtechnischen Ausbildung erhalten die Teilnehmer*innen umfassende wirtschaftliche Kompetenzen und Managementf\u00e4higkeiten vermittelt.<\/p>\n\n\n\n<h3 class=\"wp-block-heading\">Wissen s\u00e4en und Fortschritt ernten: Akademischer Lehrgang \u201eAgrartechnologie\u201c<\/h3>\n\n\n\n<p>Der Lehrgang richtet sich an (k\u00fcnftige) F\u00fchrungskr\u00e4fte im Umfeld der Agrartechnologien, zu deren Aufgaben die strategische Entwicklung, das Produkt- und Technologiemanagement und Entwicklung digitaler Agrar-Services, die Prozessoptimierung und die erfolgreiche Projektumsetzung z\u00e4hlen.<\/p>\n\n\n\n<p>Die Teilnehmer*innen werden in den beiden Semestern auf den aktuellen Stand der Agrartechnologien gebracht und erhalten das Wissen zu neuesten Technologien \u2013 unter anderem zu aktuellen digitalen Technologien im Agrarbereich \u2013 vermittelt.<\/p>\n\n\n\n<div class=\"wp-block-image\"><figure class=\"aligncenter size-full is-resized\"><img loading=\"lazy\" decoding=\"async\" src=\"https:\/\/www.landwirt.com\/news\/wp-content\/uploads\/2022\/08\/zukunftsakademie-mostviertel.png\" alt=\"\" class=\"wp-image-10272\" width=\"1051\" height=\"401\" srcset=\"https:\/\/www.landwirt.com\/news\/wp-content\/uploads\/2022\/08\/zukunftsakademie-mostviertel.png 1051w, https:\/\/www.landwirt.com\/news\/wp-content\/uploads\/2022\/08\/zukunftsakademie-mostviertel-300x114.png 300w, https:\/\/www.landwirt.com\/news\/wp-content\/uploads\/2022\/08\/zukunftsakademie-mostviertel-1030x393.png 1030w, https:\/\/www.landwirt.com\/news\/wp-content\/uploads\/2022\/08\/zukunftsakademie-mostviertel-768x293.png 768w, https:\/\/www.landwirt.com\/news\/wp-content\/uploads\/2022\/08\/zukunftsakademie-mostviertel-705x269.png 705w, https:\/\/www.landwirt.com\/news\/wp-content\/uploads\/2022\/08\/zukunftsakademie-mostviertel-845x321.png 845w\" sizes=\"auto, (max-width: 1051px) 100vw, 1051px\" \/><\/figure><\/div>\n\n\n\n<div class=\"wp-block-columns is-layout-flex wp-container-core-columns-is-layout-9d6595d7 wp-block-columns-is-layout-flex\">\n<div class=\"wp-block-column is-layout-flow wp-block-column-is-layout-flow\" style=\"flex-basis:50%\">\n<h3 class=\"wp-block-heading\">Eckdaten:<\/h3>\n\n\n\n<ul class=\"wp-block-list\"><li><strong>Starttermin<\/strong>: Oktober 2022<\/li><li><strong>Umfang:<\/strong> 2 Semester, 60 ECTS, 210 LE<\/li><li><strong>Abschluss<\/strong>:<ul><li>Akademische\/r Experte\/in f\u00fcr Produktionsmanagement<\/li><li>Akademische\/r Experte\/in f\u00fcr Agrartechnologie<\/li><\/ul><\/li><\/ul>\n<\/div>\n\n\n\n<div class=\"wp-block-column is-layout-flow wp-block-column-is-layout-flow\" style=\"flex-basis:50%\">\n<ul class=\"wp-block-list\"><li><strong>Veranstaltungsorte<\/strong>: Amstetten, St. P\u00f6lten, Wieselburg<\/li><li><strong>Anrechnung f\u00fcr den Masterabschluss m\u00f6glich<\/strong>!<\/li><\/ul>\n\n\n\n<p><strong>Anmeldung und Beratung:<\/strong> Mag. Maria Sch\u00f6rkhuber, <a href=\"mailto:m.schoerkhuber@netforfuture.at\">m.schoerkhuber@netforfuture.at<\/a><\/p>\n\n\n\n<p><strong>N\u00e4here Informationen:<\/strong> <a href=\"https:\/\/www.zukunftsakademie.or.at\/project\/produktion-agrar-technologie\/\" target=\"_blank\" rel=\"noreferrer noopener sponsored nofollow\">https:\/\/www.zukunftsakademie.or.at\/project\/produktion-agrar-technologie\/<\/a><\/p>\n<\/div>\n<\/div>\n","protected":false},"excerpt":{"rendered":"<p>Wirtschaftsnahe Aus- und Weiterbildung vom Einzelmodul bis zum Masterabschluss &#8211; und das individuell, berufsbegleitend und flexibel!<\/p>\n","protected":false},"author":15,"featured_media":10269,"comment_status":"closed","ping_status":"closed","sticky":false,"template":"","format":"standard","meta":{"footnotes":""},"categories":[15,1],"tags":[161],"class_list":["post-10268","post","type-post","status-publish","format-standard","has-post-thumbnail","hentry","category-landwirt","category-werbung","tag-landwirtschaft"],"yoast_head":"<!-- This site is optimized with the Yoast SEO plugin v27.5 - https:\/\/yoast.com\/product\/yoast-seo-wordpress\/ -->\n<title>Neuausrichtung des modularen Bildungsangebotes der Zukunftsakademie Mostviertel - Landwirt.com News<\/title>\n<meta name=\"robots\" content=\"index, follow, max-snippet:-1, max-image-preview:large, max-video-preview:-1\" \/>\n<meta property=\"og:locale\" content=\"de_DE\" \/>\n<meta property=\"og:type\" content=\"article\" \/>\n<meta property=\"og:title\" content=\"Neuausrichtung des modularen Bildungsangebotes der Zukunftsakademie Mostviertel - Landwirt.com News\" \/>\n<meta property=\"og:description\" content=\"Wirtschaftsnahe Aus- und Weiterbildung vom Einzelmodul bis zum Masterabschluss - und das individuell, berufsbegleitend und flexibel!\" \/>\n<meta property=\"og:url\" content=\"https:\/\/www.landwirt.com\/news\/neuausrichtung-des-modularen-bildungsangebotes-der-zukunftsakademie-mostviertel\/\" \/>\n<meta property=\"og:site_name\" content=\"Landwirt.com News\" \/>\n<meta property=\"article:published_time\" content=\"2022-08-16T12:01:20+00:00\" \/>\n<meta property=\"article:modified_time\" content=\"2022-08-16T12:03:37+00:00\" \/>\n<meta property=\"og:image\" content=\"https:\/\/www.landwirt.com\/news\/wp-content\/uploads\/2022\/08\/zukunftsakademie-mostviertel-agrarmanagement.png\" \/>\n\t<meta property=\"og:image:width\" content=\"1564\" \/>\n\t<meta property=\"og:image:height\" content=\"864\" \/>\n\t<meta property=\"og:image:type\" content=\"image\/png\" \/>\n<meta name=\"author\" content=\"Edith Winter\" \/>\n<meta name=\"twitter:card\" content=\"summary_large_image\" \/>\n<meta name=\"twitter:label1\" content=\"Verfasst von\" \/>\n\t<meta name=\"twitter:data1\" content=\"Edith Winter\" \/>\n\t<meta name=\"twitter:label2\" content=\"Gesch\u00e4tzte Lesezeit\" \/>\n\t<meta name=\"twitter:data2\" content=\"3 Minuten\" \/>\n<script type=\"application\/ld+json\" class=\"yoast-schema-graph\">{\"@context\":\"https:\\\/\\\/schema.org\",\"@graph\":[{\"@type\":\"Article\",\"@id\":\"https:\\\/\\\/www.landwirt.com\\\/news\\\/neuausrichtung-des-modularen-bildungsangebotes-der-zukunftsakademie-mostviertel\\\/#article\",\"isPartOf\":{\"@id\":\"https:\\\/\\\/www.landwirt.com\\\/news\\\/neuausrichtung-des-modularen-bildungsangebotes-der-zukunftsakademie-mostviertel\\\/\"},\"author\":{\"name\":\"Edith Winter\",\"@id\":\"https:\\\/\\\/www.landwirt.com\\\/news\\\/#\\\/schema\\\/person\\\/58b1026d44b61c2d0c39d2d1220d43e9\"},\"headline\":\"Neuausrichtung des modularen Bildungsangebotes der Zukunftsakademie Mostviertel\",\"datePublished\":\"2022-08-16T12:01:20+00:00\",\"dateModified\":\"2022-08-16T12:03:37+00:00\",\"mainEntityOfPage\":{\"@id\":\"https:\\\/\\\/www.landwirt.com\\\/news\\\/neuausrichtung-des-modularen-bildungsangebotes-der-zukunftsakademie-mostviertel\\\/\"},\"wordCount\":343,\"publisher\":{\"@id\":\"https:\\\/\\\/www.landwirt.com\\\/news\\\/#organization\"},\"image\":{\"@id\":\"https:\\\/\\\/www.landwirt.com\\\/news\\\/neuausrichtung-des-modularen-bildungsangebotes-der-zukunftsakademie-mostviertel\\\/#primaryimage\"},\"thumbnailUrl\":\"https:\\\/\\\/www.landwirt.com\\\/news\\\/wp-content\\\/uploads\\\/2022\\\/08\\\/zukunftsakademie-mostviertel-agrarmanagement.png\",\"keywords\":[\"Landwirtschaft\"],\"articleSection\":[\"Landwirt\",\"Werbung\"],\"inLanguage\":\"de-AT\"},{\"@type\":\"WebPage\",\"@id\":\"https:\\\/\\\/www.landwirt.com\\\/news\\\/neuausrichtung-des-modularen-bildungsangebotes-der-zukunftsakademie-mostviertel\\\/\",\"url\":\"https:\\\/\\\/www.landwirt.com\\\/news\\\/neuausrichtung-des-modularen-bildungsangebotes-der-zukunftsakademie-mostviertel\\\/\",\"name\":\"Neuausrichtung des modularen Bildungsangebotes der Zukunftsakademie Mostviertel - Landwirt.com News\",\"isPartOf\":{\"@id\":\"https:\\\/\\\/www.landwirt.com\\\/news\\\/#website\"},\"primaryImageOfPage\":{\"@id\":\"https:\\\/\\\/www.landwirt.com\\\/news\\\/neuausrichtung-des-modularen-bildungsangebotes-der-zukunftsakademie-mostviertel\\\/#primaryimage\"},\"image\":{\"@id\":\"https:\\\/\\\/www.landwirt.com\\\/news\\\/neuausrichtung-des-modularen-bildungsangebotes-der-zukunftsakademie-mostviertel\\\/#primaryimage\"},\"thumbnailUrl\":\"https:\\\/\\\/www.landwirt.com\\\/news\\\/wp-content\\\/uploads\\\/2022\\\/08\\\/zukunftsakademie-mostviertel-agrarmanagement.png\",\"datePublished\":\"2022-08-16T12:01:20+00:00\",\"dateModified\":\"2022-08-16T12:03:37+00:00\",\"breadcrumb\":{\"@id\":\"https:\\\/\\\/www.landwirt.com\\\/news\\\/neuausrichtung-des-modularen-bildungsangebotes-der-zukunftsakademie-mostviertel\\\/#breadcrumb\"},\"inLanguage\":\"de-AT\",\"potentialAction\":[{\"@type\":\"ReadAction\",\"target\":[\"https:\\\/\\\/www.landwirt.com\\\/news\\\/neuausrichtung-des-modularen-bildungsangebotes-der-zukunftsakademie-mostviertel\\\/\"]}]},{\"@type\":\"ImageObject\",\"inLanguage\":\"de-AT\",\"@id\":\"https:\\\/\\\/www.landwirt.com\\\/news\\\/neuausrichtung-des-modularen-bildungsangebotes-der-zukunftsakademie-mostviertel\\\/#primaryimage\",\"url\":\"https:\\\/\\\/www.landwirt.com\\\/news\\\/wp-content\\\/uploads\\\/2022\\\/08\\\/zukunftsakademie-mostviertel-agrarmanagement.png\",\"contentUrl\":\"https:\\\/\\\/www.landwirt.com\\\/news\\\/wp-content\\\/uploads\\\/2022\\\/08\\\/zukunftsakademie-mostviertel-agrarmanagement.png\",\"width\":1564,\"height\":864},{\"@type\":\"BreadcrumbList\",\"@id\":\"https:\\\/\\\/www.landwirt.com\\\/news\\\/neuausrichtung-des-modularen-bildungsangebotes-der-zukunftsakademie-mostviertel\\\/#breadcrumb\",\"itemListElement\":[{\"@type\":\"ListItem\",\"position\":1,\"name\":\"Home\",\"item\":\"https:\\\/\\\/www.landwirt.com\\\/news\\\/home\\\/\"},{\"@type\":\"ListItem\",\"position\":2,\"name\":\"Neuausrichtung des modularen Bildungsangebotes der Zukunftsakademie Mostviertel\"}]},{\"@type\":\"WebSite\",\"@id\":\"https:\\\/\\\/www.landwirt.com\\\/news\\\/#website\",\"url\":\"https:\\\/\\\/www.landwirt.com\\\/news\\\/\",\"name\":\"Landwirt.com News\",\"description\":\"Landwirt.com News\",\"publisher\":{\"@id\":\"https:\\\/\\\/www.landwirt.com\\\/news\\\/#organization\"},\"potentialAction\":[{\"@type\":\"SearchAction\",\"target\":{\"@type\":\"EntryPoint\",\"urlTemplate\":\"https:\\\/\\\/www.landwirt.com\\\/news\\\/?s={search_term_string}\"},\"query-input\":{\"@type\":\"PropertyValueSpecification\",\"valueRequired\":true,\"valueName\":\"search_term_string\"}}],\"inLanguage\":\"de-AT\"},{\"@type\":\"Organization\",\"@id\":\"https:\\\/\\\/www.landwirt.com\\\/news\\\/#organization\",\"name\":\"LANDWIRT.COM GMBH\",\"url\":\"https:\\\/\\\/www.landwirt.com\\\/news\\\/\",\"logo\":{\"@type\":\"ImageObject\",\"inLanguage\":\"de-AT\",\"@id\":\"https:\\\/\\\/www.landwirt.com\\\/news\\\/#\\\/schema\\\/logo\\\/image\\\/\",\"url\":\"https:\\\/\\\/www.landwirt.com\\\/news\\\/wp-content\\\/uploads\\\/2020\\\/02\\\/LW-logo.png\",\"contentUrl\":\"https:\\\/\\\/www.landwirt.com\\\/news\\\/wp-content\\\/uploads\\\/2020\\\/02\\\/LW-logo.png\",\"width\":250,\"height\":58,\"caption\":\"LANDWIRT.COM GMBH\"},\"image\":{\"@id\":\"https:\\\/\\\/www.landwirt.com\\\/news\\\/#\\\/schema\\\/logo\\\/image\\\/\"}},{\"@type\":\"Person\",\"@id\":\"https:\\\/\\\/www.landwirt.com\\\/news\\\/#\\\/schema\\\/person\\\/58b1026d44b61c2d0c39d2d1220d43e9\",\"name\":\"Edith Winter\",\"image\":{\"@type\":\"ImageObject\",\"inLanguage\":\"de-AT\",\"@id\":\"https:\\\/\\\/secure.gravatar.com\\\/avatar\\\/a8a5aac669c36d589ec506dc09b6dcb6e1c7c0b8731e97f1f2dcea5e26e28095?s=96&d=mm&r=g\",\"url\":\"https:\\\/\\\/secure.gravatar.com\\\/avatar\\\/a8a5aac669c36d589ec506dc09b6dcb6e1c7c0b8731e97f1f2dcea5e26e28095?s=96&d=mm&r=g\",\"contentUrl\":\"https:\\\/\\\/secure.gravatar.com\\\/avatar\\\/a8a5aac669c36d589ec506dc09b6dcb6e1c7c0b8731e97f1f2dcea5e26e28095?s=96&d=mm&r=g\",\"caption\":\"Edith Winter\"},\"url\":\"https:\\\/\\\/www.landwirt.com\\\/news\\\/author\\\/edith\\\/\"}]}<\/script>\n<!-- \/ Yoast SEO plugin. -->","yoast_head_json":{"title":"Neuausrichtung des modularen Bildungsangebotes der Zukunftsakademie Mostviertel - Landwirt.com News","robots":{"index":"index","follow":"follow","max-snippet":"max-snippet:-1","max-image-preview":"max-image-preview:large","max-video-preview":"max-video-preview:-1"},"og_locale":"de_DE","og_type":"article","og_title":"Neuausrichtung des modularen Bildungsangebotes der Zukunftsakademie Mostviertel - Landwirt.com News","og_description":"Wirtschaftsnahe Aus- und Weiterbildung vom Einzelmodul bis zum Masterabschluss - und das individuell, berufsbegleitend und flexibel!","og_url":"https:\/\/www.landwirt.com\/news\/neuausrichtung-des-modularen-bildungsangebotes-der-zukunftsakademie-mostviertel\/","og_site_name":"Landwirt.com News","article_published_time":"2022-08-16T12:01:20+00:00","article_modified_time":"2022-08-16T12:03:37+00:00","og_image":[{"width":1564,"height":864,"url":"https:\/\/www.landwirt.com\/news\/wp-content\/uploads\/2022\/08\/zukunftsakademie-mostviertel-agrarmanagement.png","type":"image\/png"}],"author":"Edith Winter","twitter_card":"summary_large_image","twitter_misc":{"Verfasst von":"Edith Winter","Gesch\u00e4tzte Lesezeit":"3 Minuten"},"schema":{"@context":"https:\/\/schema.org","@graph":[{"@type":"Article","@id":"https:\/\/www.landwirt.com\/news\/neuausrichtung-des-modularen-bildungsangebotes-der-zukunftsakademie-mostviertel\/#article","isPartOf":{"@id":"https:\/\/www.landwirt.com\/news\/neuausrichtung-des-modularen-bildungsangebotes-der-zukunftsakademie-mostviertel\/"},"author":{"name":"Edith Winter","@id":"https:\/\/www.landwirt.com\/news\/#\/schema\/person\/58b1026d44b61c2d0c39d2d1220d43e9"},"headline":"Neuausrichtung des modularen Bildungsangebotes der Zukunftsakademie Mostviertel","datePublished":"2022-08-16T12:01:20+00:00","dateModified":"2022-08-16T12:03:37+00:00","mainEntityOfPage":{"@id":"https:\/\/www.landwirt.com\/news\/neuausrichtung-des-modularen-bildungsangebotes-der-zukunftsakademie-mostviertel\/"},"wordCount":343,"publisher":{"@id":"https:\/\/www.landwirt.com\/news\/#organization"},"image":{"@id":"https:\/\/www.landwirt.com\/news\/neuausrichtung-des-modularen-bildungsangebotes-der-zukunftsakademie-mostviertel\/#primaryimage"},"thumbnailUrl":"https:\/\/www.landwirt.com\/news\/wp-content\/uploads\/2022\/08\/zukunftsakademie-mostviertel-agrarmanagement.png","keywords":["Landwirtschaft"],"articleSection":["Landwirt","Werbung"],"inLanguage":"de-AT"},{"@type":"WebPage","@id":"https:\/\/www.landwirt.com\/news\/neuausrichtung-des-modularen-bildungsangebotes-der-zukunftsakademie-mostviertel\/","url":"https:\/\/www.landwirt.com\/news\/neuausrichtung-des-modularen-bildungsangebotes-der-zukunftsakademie-mostviertel\/","name":"Neuausrichtung des modularen Bildungsangebotes der Zukunftsakademie Mostviertel - Landwirt.com News","isPartOf":{"@id":"https:\/\/www.landwirt.com\/news\/#website"},"primaryImageOfPage":{"@id":"https:\/\/www.landwirt.com\/news\/neuausrichtung-des-modularen-bildungsangebotes-der-zukunftsakademie-mostviertel\/#primaryimage"},"image":{"@id":"https:\/\/www.landwirt.com\/news\/neuausrichtung-des-modularen-bildungsangebotes-der-zukunftsakademie-mostviertel\/#primaryimage"},"thumbnailUrl":"https:\/\/www.landwirt.com\/news\/wp-content\/uploads\/2022\/08\/zukunftsakademie-mostviertel-agrarmanagement.png","datePublished":"2022-08-16T12:01:20+00:00","dateModified":"2022-08-16T12:03:37+00:00","breadcrumb":{"@id":"https:\/\/www.landwirt.com\/news\/neuausrichtung-des-modularen-bildungsangebotes-der-zukunftsakademie-mostviertel\/#breadcrumb"},"inLanguage":"de-AT","potentialAction":[{"@type":"ReadAction","target":["https:\/\/www.landwirt.com\/news\/neuausrichtung-des-modularen-bildungsangebotes-der-zukunftsakademie-mostviertel\/"]}]},{"@type":"ImageObject","inLanguage":"de-AT","@id":"https:\/\/www.landwirt.com\/news\/neuausrichtung-des-modularen-bildungsangebotes-der-zukunftsakademie-mostviertel\/#primaryimage","url":"https:\/\/www.landwirt.com\/news\/wp-content\/uploads\/2022\/08\/zukunftsakademie-mostviertel-agrarmanagement.png","contentUrl":"https:\/\/www.landwirt.com\/news\/wp-content\/uploads\/2022\/08\/zukunftsakademie-mostviertel-agrarmanagement.png","width":1564,"height":864},{"@type":"BreadcrumbList","@id":"https:\/\/www.landwirt.com\/news\/neuausrichtung-des-modularen-bildungsangebotes-der-zukunftsakademie-mostviertel\/#breadcrumb","itemListElement":[{"@type":"ListItem","position":1,"name":"Home","item":"https:\/\/www.landwirt.com\/news\/home\/"},{"@type":"ListItem","position":2,"name":"Neuausrichtung des modularen Bildungsangebotes der Zukunftsakademie Mostviertel"}]},{"@type":"WebSite","@id":"https:\/\/www.landwirt.com\/news\/#website","url":"https:\/\/www.landwirt.com\/news\/","name":"Landwirt.com News","description":"Landwirt.com News","publisher":{"@id":"https:\/\/www.landwirt.com\/news\/#organization"},"potentialAction":[{"@type":"SearchAction","target":{"@type":"EntryPoint","urlTemplate":"https:\/\/www.landwirt.com\/news\/?s={search_term_string}"},"query-input":{"@type":"PropertyValueSpecification","valueRequired":true,"valueName":"search_term_string"}}],"inLanguage":"de-AT"},{"@type":"Organization","@id":"https:\/\/www.landwirt.com\/news\/#organization","name":"LANDWIRT.COM GMBH","url":"https:\/\/www.landwirt.com\/news\/","logo":{"@type":"ImageObject","inLanguage":"de-AT","@id":"https:\/\/www.landwirt.com\/news\/#\/schema\/logo\/image\/","url":"https:\/\/www.landwirt.com\/news\/wp-content\/uploads\/2020\/02\/LW-logo.png","contentUrl":"https:\/\/www.landwirt.com\/news\/wp-content\/uploads\/2020\/02\/LW-logo.png","width":250,"height":58,"caption":"LANDWIRT.COM GMBH"},"image":{"@id":"https:\/\/www.landwirt.com\/news\/#\/schema\/logo\/image\/"}},{"@type":"Person","@id":"https:\/\/www.landwirt.com\/news\/#\/schema\/person\/58b1026d44b61c2d0c39d2d1220d43e9","name":"Edith Winter","image":{"@type":"ImageObject","inLanguage":"de-AT","@id":"https:\/\/secure.gravatar.com\/avatar\/a8a5aac669c36d589ec506dc09b6dcb6e1c7c0b8731e97f1f2dcea5e26e28095?s=96&d=mm&r=g","url":"https:\/\/secure.gravatar.com\/avatar\/a8a5aac669c36d589ec506dc09b6dcb6e1c7c0b8731e97f1f2dcea5e26e28095?s=96&d=mm&r=g","contentUrl":"https:\/\/secure.gravatar.com\/avatar\/a8a5aac669c36d589ec506dc09b6dcb6e1c7c0b8731e97f1f2dcea5e26e28095?s=96&d=mm&r=g","caption":"Edith Winter"},"url":"https:\/\/www.landwirt.com\/news\/author\/edith\/"}]}},"_links":{"self":[{"href":"https:\/\/www.landwirt.com\/news\/wp-json\/wp\/v2\/posts\/10268","targetHints":{"allow":["GET"]}}],"collection":[{"href":"https:\/\/www.landwirt.com\/news\/wp-json\/wp\/v2\/posts"}],"about":[{"href":"https:\/\/www.landwirt.com\/news\/wp-json\/wp\/v2\/types\/post"}],"author":[{"embeddable":true,"href":"https:\/\/www.landwirt.com\/news\/wp-json\/wp\/v2\/users\/15"}],"replies":[{"embeddable":true,"href":"https:\/\/www.landwirt.com\/news\/wp-json\/wp\/v2\/comments?post=10268"}],"version-history":[{"count":16,"href":"https:\/\/www.landwirt.com\/news\/wp-json\/wp\/v2\/posts\/10268\/revisions"}],"predecessor-version":[{"id":10286,"href":"https:\/\/www.landwirt.com\/news\/wp-json\/wp\/v2\/posts\/10268\/revisions\/10286"}],"wp:featuredmedia":[{"embeddable":true,"href":"https:\/\/www.landwirt.com\/news\/wp-json\/wp\/v2\/media\/10269"}],"wp:attachment":[{"href":"https:\/\/www.landwirt.com\/news\/wp-json\/wp\/v2\/media?parent=10268"}],"wp:term":[{"taxonomy":"category","embeddable":true,"href":"https:\/\/www.landwirt.com\/news\/wp-json\/wp\/v2\/categories?post=10268"},{"taxonomy":"post_tag","embeddable":true,"href":"https:\/\/www.landwirt.com\/news\/wp-json\/wp\/v2\/tags?post=10268"}],"curies":[{"name":"wp","href":"https:\/\/api.w.org\/{rel}","templated":true}]}}