{"id":1022,"date":"2020-04-16T14:14:21","date_gmt":"2020-04-16T12:14:21","guid":{"rendered":"https:\/\/news.landwirt.com\/?p=1022"},"modified":"2022-05-09T14:25:51","modified_gmt":"2022-05-09T12:25:51","slug":"jubilaumsjahr-75-jahre-schlang-reichart-und-verstarkung-im-vertrieb","status":"publish","type":"post","link":"https:\/\/www.landwirt.com\/news\/jubilaumsjahr-75-jahre-schlang-reichart-und-verstarkung-im-vertrieb\/","title":{"rendered":"Jubil\u00e4umsjahr: 75 Jahre Schlang &#038; Reichart und Verst\u00e4rkung im Vertrieb"},"content":{"rendered":"\n<p><strong>Im Jahr 2020 kann Schlang &amp; Reichart als Traditionsunternehmen f\u00fcr die Entwicklung und den Bau von Produkten f\u00fcr die Forstwirtschaft auf eine 75-j\u00e4hrige Unternehmensgeschichte zur\u00fcckblicken. Dies macht das Unternehmen wohl zu einem der \u00e4ltesten und erfahrensten deutschen Hersteller f\u00fcr Forsttechnik. Im Jubil\u00e4umsjahr konnte mit Manfred Krug eine Verst\u00e4rkung im Vertrieb gewonnen werden.<\/strong><\/p>\n\n\n\n<div class=\"wp-block-media-text alignwide is-stacked-on-mobile\"><figure class=\"wp-block-media-text__media\"><img loading=\"lazy\" decoding=\"async\" width=\"1030\" height=\"773\" src=\"https:\/\/www.landwirt.com\/news\/wp-content\/uploads\/2020\/04\/Shlang-1030x773.jpg\" alt=\"Bildbeschreibung: Organisieren den Vertrieb der Schlang &amp; Reichart Produkte zusammen \u2013 Manfred Krug (links) und Micha Scheu\" class=\"wp-image-1023\" srcset=\"https:\/\/www.landwirt.com\/news\/wp-content\/uploads\/2020\/04\/Shlang-1030x773.jpg 1030w, https:\/\/www.landwirt.com\/news\/wp-content\/uploads\/2020\/04\/Shlang-300x225.jpg 300w, https:\/\/www.landwirt.com\/news\/wp-content\/uploads\/2020\/04\/Shlang-768x576.jpg 768w, https:\/\/www.landwirt.com\/news\/wp-content\/uploads\/2020\/04\/Shlang-1536x1152.jpg 1536w, https:\/\/www.landwirt.com\/news\/wp-content\/uploads\/2020\/04\/Shlang-2048x1536.jpg 2048w, https:\/\/www.landwirt.com\/news\/wp-content\/uploads\/2020\/04\/Shlang-1500x1125.jpg 1500w, https:\/\/www.landwirt.com\/news\/wp-content\/uploads\/2020\/04\/Shlang-705x529.jpg 705w\" sizes=\"auto, (max-width: 1030px) 100vw, 1030px\" \/><\/figure><div class=\"wp-block-media-text__content\">\n<p>\u201eIndividualit\u00e4t kombiniert mit h\u00f6chster Flexibilit\u00e4t erm\u00f6glicht uns, den Anspr\u00fcchen von Morgen gerecht zu werden. Das gilt f\u00fcr unsere komplette Produktpalette\u201c, so Vertriebsleiter Dieter Salzmann. Zur Verst\u00e4rkung im Vertrieb kam zum 1. April 2020 Manfred Krug neu ins Team. Eberhard Scheu, seit \u00fcber 40 Jahren Spezialist f\u00fcr An- und Aufbauprodukte f\u00fcr den Mercedes-Benz Unimog, tritt seit 1. April 2020 k\u00fcrzer. Er steht aber als Berater und Produktspezialist f\u00fcr Unimogprodukte weiterhin zur Verf\u00fcgung.<\/p>\n<\/div><\/div>\n\n\n\n<p><strong>Aufstockung des Vertriebs- und Beratungsteams<\/strong><\/p>\n\n\n\n<p>Im Zuge des Eintritts von Manfred Krug wurden auch die Vertriebsgebiete neu geordnet. Ab sofort ist Micha Scheu f\u00fcr Deutschland (westlich der A7 und s\u00fcdlich der A8), Belgien, Luxemburg und die Schweiz zust\u00e4ndig. Manfred Krug ist Ansprechpartner im Vertrieb f\u00fcr Deutschland (\u00f6stlich der A7 und n\u00f6rdlicher der A8) und Tschechien. Beide \u00fcbernehmen in Ihren Vertriebsgebieten neben dem Vertrieb der Forsttechnik Produkte auch den Vertrieb der Produktpalette f\u00fcr den Mercedes-Benz Unimog. Durch die Aufstockung des Vertriebs- und Beratungsteams m\u00f6chte Schlang &amp; Reichart die Pr\u00e4senz und Betreuungsqualit\u00e4t der H\u00e4ndler und Kunden ausbauen.<\/p>\n\n\n\n<p><strong>Mehr Informationen:<\/strong> <a href=\"https:\/\/www.schlang-reichart.de\/\">www.schlang-reichart.de<\/a><\/p>\n","protected":false},"excerpt":{"rendered":"<p>75 Jahre Schlang &#038; Reichart. Das Traditionsunternehmen f\u00fcr die Entwicklung und den Bau von<br \/>\nProdukten f\u00fcr die Forstwirtschaft ist eines der \u00e4ltesten deutschen Hersteller f\u00fcr Forsttechnik.<\/p>\n","protected":false},"author":3,"featured_media":1023,"comment_status":"closed","ping_status":"closed","sticky":false,"template":"","format":"standard","meta":{"footnotes":""},"categories":[1],"tags":[143,144,141,142],"class_list":["post-1022","post","type-post","status-publish","format-standard","has-post-thumbnail","hentry","category-werbung","tag-forstwirtschaft","tag-jubilaum","tag-schlangreichart","tag-vertrieb"],"yoast_head":"<!-- This site is optimized with the Yoast SEO plugin v27.4 - https:\/\/yoast.com\/product\/yoast-seo-wordpress\/ -->\n<title>Jubil\u00e4umsjahr: 75 Jahre Schlang &amp; Reichart und Verst\u00e4rkung im Vertrieb<\/title>\n<meta name=\"description\" content=\"75 Jahre Schlang &amp; Reichart. Das Unternehmen f\u00fcr Entwicklung und Bau von Forstprodukten ist eines der \u00e4ltesten deutschen Hersteller f\u00fcr Forsttechnik.\" \/>\n<meta name=\"robots\" content=\"index, follow, max-snippet:-1, max-image-preview:large, max-video-preview:-1\" \/>\n<meta property=\"og:locale\" content=\"de_DE\" \/>\n<meta property=\"og:type\" content=\"article\" \/>\n<meta property=\"og:title\" content=\"Jubil\u00e4umsjahr: 75 Jahre Schlang &amp; Reichart und Verst\u00e4rkung im Vertrieb\" \/>\n<meta property=\"og:description\" content=\"75 Jahre Schlang &amp; Reichart. Das Unternehmen f\u00fcr Entwicklung und Bau von Forstprodukten ist eines der \u00e4ltesten deutschen Hersteller f\u00fcr Forsttechnik.\" \/>\n<meta property=\"og:url\" content=\"https:\/\/www.landwirt.com\/news\/jubilaumsjahr-75-jahre-schlang-reichart-und-verstarkung-im-vertrieb\/\" \/>\n<meta property=\"og:site_name\" content=\"Landwirt.com News\" \/>\n<meta property=\"article:published_time\" content=\"2020-04-16T12:14:21+00:00\" \/>\n<meta property=\"article:modified_time\" content=\"2022-05-09T12:25:51+00:00\" \/>\n<meta property=\"og:image\" content=\"https:\/\/www.landwirt.com\/news\/wp-content\/uploads\/2020\/04\/Shlang-1030x773.jpg\" \/>\n\t<meta property=\"og:image:width\" content=\"1030\" \/>\n\t<meta property=\"og:image:height\" content=\"773\" \/>\n\t<meta property=\"og:image:type\" content=\"image\/jpeg\" \/>\n<meta name=\"author\" content=\"Alexandra Schauer\" \/>\n<meta name=\"twitter:card\" content=\"summary_large_image\" \/>\n<meta name=\"twitter:label1\" content=\"Verfasst von\" \/>\n\t<meta name=\"twitter:data1\" content=\"Alexandra Schauer\" \/>\n\t<meta name=\"twitter:label2\" content=\"Gesch\u00e4tzte Lesezeit\" \/>\n\t<meta name=\"twitter:data2\" content=\"1 Minute\" \/>\n<script type=\"application\/ld+json\" class=\"yoast-schema-graph\">{\"@context\":\"https:\\\/\\\/schema.org\",\"@graph\":[{\"@type\":\"Article\",\"@id\":\"https:\\\/\\\/www.landwirt.com\\\/news\\\/jubilaumsjahr-75-jahre-schlang-reichart-und-verstarkung-im-vertrieb\\\/#article\",\"isPartOf\":{\"@id\":\"https:\\\/\\\/www.landwirt.com\\\/news\\\/jubilaumsjahr-75-jahre-schlang-reichart-und-verstarkung-im-vertrieb\\\/\"},\"author\":{\"name\":\"Alexandra Schauer\",\"@id\":\"https:\\\/\\\/www.landwirt.com\\\/news\\\/#\\\/schema\\\/person\\\/627016cf4cf7fe2189ac7e234990f441\"},\"headline\":\"Jubil\u00e4umsjahr: 75 Jahre Schlang &#038; Reichart und Verst\u00e4rkung im Vertrieb\",\"datePublished\":\"2020-04-16T12:14:21+00:00\",\"dateModified\":\"2022-05-09T12:25:51+00:00\",\"mainEntityOfPage\":{\"@id\":\"https:\\\/\\\/www.landwirt.com\\\/news\\\/jubilaumsjahr-75-jahre-schlang-reichart-und-verstarkung-im-vertrieb\\\/\"},\"wordCount\":256,\"publisher\":{\"@id\":\"https:\\\/\\\/www.landwirt.com\\\/news\\\/#organization\"},\"image\":{\"@id\":\"https:\\\/\\\/www.landwirt.com\\\/news\\\/jubilaumsjahr-75-jahre-schlang-reichart-und-verstarkung-im-vertrieb\\\/#primaryimage\"},\"thumbnailUrl\":\"https:\\\/\\\/www.landwirt.com\\\/news\\\/wp-content\\\/uploads\\\/2020\\\/04\\\/Shlang-scaled.jpg\",\"keywords\":[\"Forstwirtschaft\",\"Jubil\u00e4um\",\"Schlang &amp; Reichart\",\"Vertrieb\"],\"articleSection\":[\"Werbung\"],\"inLanguage\":\"de-AT\"},{\"@type\":\"WebPage\",\"@id\":\"https:\\\/\\\/www.landwirt.com\\\/news\\\/jubilaumsjahr-75-jahre-schlang-reichart-und-verstarkung-im-vertrieb\\\/\",\"url\":\"https:\\\/\\\/www.landwirt.com\\\/news\\\/jubilaumsjahr-75-jahre-schlang-reichart-und-verstarkung-im-vertrieb\\\/\",\"name\":\"Jubil\u00e4umsjahr: 75 Jahre Schlang & Reichart und Verst\u00e4rkung im Vertrieb\",\"isPartOf\":{\"@id\":\"https:\\\/\\\/www.landwirt.com\\\/news\\\/#website\"},\"primaryImageOfPage\":{\"@id\":\"https:\\\/\\\/www.landwirt.com\\\/news\\\/jubilaumsjahr-75-jahre-schlang-reichart-und-verstarkung-im-vertrieb\\\/#primaryimage\"},\"image\":{\"@id\":\"https:\\\/\\\/www.landwirt.com\\\/news\\\/jubilaumsjahr-75-jahre-schlang-reichart-und-verstarkung-im-vertrieb\\\/#primaryimage\"},\"thumbnailUrl\":\"https:\\\/\\\/www.landwirt.com\\\/news\\\/wp-content\\\/uploads\\\/2020\\\/04\\\/Shlang-scaled.jpg\",\"datePublished\":\"2020-04-16T12:14:21+00:00\",\"dateModified\":\"2022-05-09T12:25:51+00:00\",\"description\":\"75 Jahre Schlang & Reichart. Das Unternehmen f\u00fcr Entwicklung und Bau von Forstprodukten ist eines der \u00e4ltesten deutschen Hersteller f\u00fcr Forsttechnik.\",\"breadcrumb\":{\"@id\":\"https:\\\/\\\/www.landwirt.com\\\/news\\\/jubilaumsjahr-75-jahre-schlang-reichart-und-verstarkung-im-vertrieb\\\/#breadcrumb\"},\"inLanguage\":\"de-AT\",\"potentialAction\":[{\"@type\":\"ReadAction\",\"target\":[\"https:\\\/\\\/www.landwirt.com\\\/news\\\/jubilaumsjahr-75-jahre-schlang-reichart-und-verstarkung-im-vertrieb\\\/\"]}]},{\"@type\":\"ImageObject\",\"inLanguage\":\"de-AT\",\"@id\":\"https:\\\/\\\/www.landwirt.com\\\/news\\\/jubilaumsjahr-75-jahre-schlang-reichart-und-verstarkung-im-vertrieb\\\/#primaryimage\",\"url\":\"https:\\\/\\\/www.landwirt.com\\\/news\\\/wp-content\\\/uploads\\\/2020\\\/04\\\/Shlang-scaled.jpg\",\"contentUrl\":\"https:\\\/\\\/www.landwirt.com\\\/news\\\/wp-content\\\/uploads\\\/2020\\\/04\\\/Shlang-scaled.jpg\",\"width\":2560,\"height\":1920},{\"@type\":\"BreadcrumbList\",\"@id\":\"https:\\\/\\\/www.landwirt.com\\\/news\\\/jubilaumsjahr-75-jahre-schlang-reichart-und-verstarkung-im-vertrieb\\\/#breadcrumb\",\"itemListElement\":[{\"@type\":\"ListItem\",\"position\":1,\"name\":\"Home\",\"item\":\"https:\\\/\\\/www.landwirt.com\\\/news\\\/home\\\/\"},{\"@type\":\"ListItem\",\"position\":2,\"name\":\"Jubil\u00e4umsjahr: 75 Jahre Schlang &#038; Reichart und Verst\u00e4rkung im Vertrieb\"}]},{\"@type\":\"WebSite\",\"@id\":\"https:\\\/\\\/www.landwirt.com\\\/news\\\/#website\",\"url\":\"https:\\\/\\\/www.landwirt.com\\\/news\\\/\",\"name\":\"Landwirt.com News\",\"description\":\"Landwirt.com News\",\"publisher\":{\"@id\":\"https:\\\/\\\/www.landwirt.com\\\/news\\\/#organization\"},\"potentialAction\":[{\"@type\":\"SearchAction\",\"target\":{\"@type\":\"EntryPoint\",\"urlTemplate\":\"https:\\\/\\\/www.landwirt.com\\\/news\\\/?s={search_term_string}\"},\"query-input\":{\"@type\":\"PropertyValueSpecification\",\"valueRequired\":true,\"valueName\":\"search_term_string\"}}],\"inLanguage\":\"de-AT\"},{\"@type\":\"Organization\",\"@id\":\"https:\\\/\\\/www.landwirt.com\\\/news\\\/#organization\",\"name\":\"LANDWIRT.COM GMBH\",\"url\":\"https:\\\/\\\/www.landwirt.com\\\/news\\\/\",\"logo\":{\"@type\":\"ImageObject\",\"inLanguage\":\"de-AT\",\"@id\":\"https:\\\/\\\/www.landwirt.com\\\/news\\\/#\\\/schema\\\/logo\\\/image\\\/\",\"url\":\"https:\\\/\\\/www.landwirt.com\\\/news\\\/wp-content\\\/uploads\\\/2020\\\/02\\\/LW-logo.png\",\"contentUrl\":\"https:\\\/\\\/www.landwirt.com\\\/news\\\/wp-content\\\/uploads\\\/2020\\\/02\\\/LW-logo.png\",\"width\":250,\"height\":58,\"caption\":\"LANDWIRT.COM GMBH\"},\"image\":{\"@id\":\"https:\\\/\\\/www.landwirt.com\\\/news\\\/#\\\/schema\\\/logo\\\/image\\\/\"}},{\"@type\":\"Person\",\"@id\":\"https:\\\/\\\/www.landwirt.com\\\/news\\\/#\\\/schema\\\/person\\\/627016cf4cf7fe2189ac7e234990f441\",\"name\":\"Alexandra Schauer\",\"image\":{\"@type\":\"ImageObject\",\"inLanguage\":\"de-AT\",\"@id\":\"https:\\\/\\\/secure.gravatar.com\\\/avatar\\\/7dc000820bab53d1e584af263fe6d4f9133557b5e0a6f573d3b8713ce8629c9f?s=96&d=mm&r=g\",\"url\":\"https:\\\/\\\/secure.gravatar.com\\\/avatar\\\/7dc000820bab53d1e584af263fe6d4f9133557b5e0a6f573d3b8713ce8629c9f?s=96&d=mm&r=g\",\"contentUrl\":\"https:\\\/\\\/secure.gravatar.com\\\/avatar\\\/7dc000820bab53d1e584af263fe6d4f9133557b5e0a6f573d3b8713ce8629c9f?s=96&d=mm&r=g\",\"caption\":\"Alexandra Schauer\"},\"url\":\"https:\\\/\\\/www.landwirt.com\\\/news\\\/author\\\/alex\\\/\"}]}<\/script>\n<!-- \/ Yoast SEO plugin. -->","yoast_head_json":{"title":"Jubil\u00e4umsjahr: 75 Jahre Schlang & Reichart und Verst\u00e4rkung im Vertrieb","description":"75 Jahre Schlang & Reichart. Das Unternehmen f\u00fcr Entwicklung und Bau von Forstprodukten ist eines der \u00e4ltesten deutschen Hersteller f\u00fcr Forsttechnik.","robots":{"index":"index","follow":"follow","max-snippet":"max-snippet:-1","max-image-preview":"max-image-preview:large","max-video-preview":"max-video-preview:-1"},"og_locale":"de_DE","og_type":"article","og_title":"Jubil\u00e4umsjahr: 75 Jahre Schlang & Reichart und Verst\u00e4rkung im Vertrieb","og_description":"75 Jahre Schlang & Reichart. Das Unternehmen f\u00fcr Entwicklung und Bau von Forstprodukten ist eines der \u00e4ltesten deutschen Hersteller f\u00fcr Forsttechnik.","og_url":"https:\/\/www.landwirt.com\/news\/jubilaumsjahr-75-jahre-schlang-reichart-und-verstarkung-im-vertrieb\/","og_site_name":"Landwirt.com News","article_published_time":"2020-04-16T12:14:21+00:00","article_modified_time":"2022-05-09T12:25:51+00:00","og_image":[{"width":1030,"height":773,"url":"https:\/\/www.landwirt.com\/news\/wp-content\/uploads\/2020\/04\/Shlang-1030x773.jpg","type":"image\/jpeg"}],"author":"Alexandra Schauer","twitter_card":"summary_large_image","twitter_misc":{"Verfasst von":"Alexandra Schauer","Gesch\u00e4tzte Lesezeit":"1 Minute"},"schema":{"@context":"https:\/\/schema.org","@graph":[{"@type":"Article","@id":"https:\/\/www.landwirt.com\/news\/jubilaumsjahr-75-jahre-schlang-reichart-und-verstarkung-im-vertrieb\/#article","isPartOf":{"@id":"https:\/\/www.landwirt.com\/news\/jubilaumsjahr-75-jahre-schlang-reichart-und-verstarkung-im-vertrieb\/"},"author":{"name":"Alexandra Schauer","@id":"https:\/\/www.landwirt.com\/news\/#\/schema\/person\/627016cf4cf7fe2189ac7e234990f441"},"headline":"Jubil\u00e4umsjahr: 75 Jahre Schlang &#038; Reichart und Verst\u00e4rkung im Vertrieb","datePublished":"2020-04-16T12:14:21+00:00","dateModified":"2022-05-09T12:25:51+00:00","mainEntityOfPage":{"@id":"https:\/\/www.landwirt.com\/news\/jubilaumsjahr-75-jahre-schlang-reichart-und-verstarkung-im-vertrieb\/"},"wordCount":256,"publisher":{"@id":"https:\/\/www.landwirt.com\/news\/#organization"},"image":{"@id":"https:\/\/www.landwirt.com\/news\/jubilaumsjahr-75-jahre-schlang-reichart-und-verstarkung-im-vertrieb\/#primaryimage"},"thumbnailUrl":"https:\/\/www.landwirt.com\/news\/wp-content\/uploads\/2020\/04\/Shlang-scaled.jpg","keywords":["Forstwirtschaft","Jubil\u00e4um","Schlang &amp; Reichart","Vertrieb"],"articleSection":["Werbung"],"inLanguage":"de-AT"},{"@type":"WebPage","@id":"https:\/\/www.landwirt.com\/news\/jubilaumsjahr-75-jahre-schlang-reichart-und-verstarkung-im-vertrieb\/","url":"https:\/\/www.landwirt.com\/news\/jubilaumsjahr-75-jahre-schlang-reichart-und-verstarkung-im-vertrieb\/","name":"Jubil\u00e4umsjahr: 75 Jahre Schlang & Reichart und Verst\u00e4rkung im Vertrieb","isPartOf":{"@id":"https:\/\/www.landwirt.com\/news\/#website"},"primaryImageOfPage":{"@id":"https:\/\/www.landwirt.com\/news\/jubilaumsjahr-75-jahre-schlang-reichart-und-verstarkung-im-vertrieb\/#primaryimage"},"image":{"@id":"https:\/\/www.landwirt.com\/news\/jubilaumsjahr-75-jahre-schlang-reichart-und-verstarkung-im-vertrieb\/#primaryimage"},"thumbnailUrl":"https:\/\/www.landwirt.com\/news\/wp-content\/uploads\/2020\/04\/Shlang-scaled.jpg","datePublished":"2020-04-16T12:14:21+00:00","dateModified":"2022-05-09T12:25:51+00:00","description":"75 Jahre Schlang & Reichart. Das Unternehmen f\u00fcr Entwicklung und Bau von Forstprodukten ist eines der \u00e4ltesten deutschen Hersteller f\u00fcr Forsttechnik.","breadcrumb":{"@id":"https:\/\/www.landwirt.com\/news\/jubilaumsjahr-75-jahre-schlang-reichart-und-verstarkung-im-vertrieb\/#breadcrumb"},"inLanguage":"de-AT","potentialAction":[{"@type":"ReadAction","target":["https:\/\/www.landwirt.com\/news\/jubilaumsjahr-75-jahre-schlang-reichart-und-verstarkung-im-vertrieb\/"]}]},{"@type":"ImageObject","inLanguage":"de-AT","@id":"https:\/\/www.landwirt.com\/news\/jubilaumsjahr-75-jahre-schlang-reichart-und-verstarkung-im-vertrieb\/#primaryimage","url":"https:\/\/www.landwirt.com\/news\/wp-content\/uploads\/2020\/04\/Shlang-scaled.jpg","contentUrl":"https:\/\/www.landwirt.com\/news\/wp-content\/uploads\/2020\/04\/Shlang-scaled.jpg","width":2560,"height":1920},{"@type":"BreadcrumbList","@id":"https:\/\/www.landwirt.com\/news\/jubilaumsjahr-75-jahre-schlang-reichart-und-verstarkung-im-vertrieb\/#breadcrumb","itemListElement":[{"@type":"ListItem","position":1,"name":"Home","item":"https:\/\/www.landwirt.com\/news\/home\/"},{"@type":"ListItem","position":2,"name":"Jubil\u00e4umsjahr: 75 Jahre Schlang &#038; Reichart und Verst\u00e4rkung im Vertrieb"}]},{"@type":"WebSite","@id":"https:\/\/www.landwirt.com\/news\/#website","url":"https:\/\/www.landwirt.com\/news\/","name":"Landwirt.com News","description":"Landwirt.com News","publisher":{"@id":"https:\/\/www.landwirt.com\/news\/#organization"},"potentialAction":[{"@type":"SearchAction","target":{"@type":"EntryPoint","urlTemplate":"https:\/\/www.landwirt.com\/news\/?s={search_term_string}"},"query-input":{"@type":"PropertyValueSpecification","valueRequired":true,"valueName":"search_term_string"}}],"inLanguage":"de-AT"},{"@type":"Organization","@id":"https:\/\/www.landwirt.com\/news\/#organization","name":"LANDWIRT.COM GMBH","url":"https:\/\/www.landwirt.com\/news\/","logo":{"@type":"ImageObject","inLanguage":"de-AT","@id":"https:\/\/www.landwirt.com\/news\/#\/schema\/logo\/image\/","url":"https:\/\/www.landwirt.com\/news\/wp-content\/uploads\/2020\/02\/LW-logo.png","contentUrl":"https:\/\/www.landwirt.com\/news\/wp-content\/uploads\/2020\/02\/LW-logo.png","width":250,"height":58,"caption":"LANDWIRT.COM GMBH"},"image":{"@id":"https:\/\/www.landwirt.com\/news\/#\/schema\/logo\/image\/"}},{"@type":"Person","@id":"https:\/\/www.landwirt.com\/news\/#\/schema\/person\/627016cf4cf7fe2189ac7e234990f441","name":"Alexandra Schauer","image":{"@type":"ImageObject","inLanguage":"de-AT","@id":"https:\/\/secure.gravatar.com\/avatar\/7dc000820bab53d1e584af263fe6d4f9133557b5e0a6f573d3b8713ce8629c9f?s=96&d=mm&r=g","url":"https:\/\/secure.gravatar.com\/avatar\/7dc000820bab53d1e584af263fe6d4f9133557b5e0a6f573d3b8713ce8629c9f?s=96&d=mm&r=g","contentUrl":"https:\/\/secure.gravatar.com\/avatar\/7dc000820bab53d1e584af263fe6d4f9133557b5e0a6f573d3b8713ce8629c9f?s=96&d=mm&r=g","caption":"Alexandra Schauer"},"url":"https:\/\/www.landwirt.com\/news\/author\/alex\/"}]}},"_links":{"self":[{"href":"https:\/\/www.landwirt.com\/news\/wp-json\/wp\/v2\/posts\/1022","targetHints":{"allow":["GET"]}}],"collection":[{"href":"https:\/\/www.landwirt.com\/news\/wp-json\/wp\/v2\/posts"}],"about":[{"href":"https:\/\/www.landwirt.com\/news\/wp-json\/wp\/v2\/types\/post"}],"author":[{"embeddable":true,"href":"https:\/\/www.landwirt.com\/news\/wp-json\/wp\/v2\/users\/3"}],"replies":[{"embeddable":true,"href":"https:\/\/www.landwirt.com\/news\/wp-json\/wp\/v2\/comments?post=1022"}],"version-history":[{"count":2,"href":"https:\/\/www.landwirt.com\/news\/wp-json\/wp\/v2\/posts\/1022\/revisions"}],"predecessor-version":[{"id":1025,"href":"https:\/\/www.landwirt.com\/news\/wp-json\/wp\/v2\/posts\/1022\/revisions\/1025"}],"wp:featuredmedia":[{"embeddable":true,"href":"https:\/\/www.landwirt.com\/news\/wp-json\/wp\/v2\/media\/1023"}],"wp:attachment":[{"href":"https:\/\/www.landwirt.com\/news\/wp-json\/wp\/v2\/media?parent=1022"}],"wp:term":[{"taxonomy":"category","embeddable":true,"href":"https:\/\/www.landwirt.com\/news\/wp-json\/wp\/v2\/categories?post=1022"},{"taxonomy":"post_tag","embeddable":true,"href":"https:\/\/www.landwirt.com\/news\/wp-json\/wp\/v2\/tags?post=1022"}],"curies":[{"name":"wp","href":"https:\/\/api.w.org\/{rel}","templated":true}]}}