{"id":10181,"date":"2022-07-18T13:13:54","date_gmt":"2022-07-18T11:13:54","guid":{"rendered":"https:\/\/www.landwirt.com\/news\/?p=10181"},"modified":"2022-07-18T13:15:29","modified_gmt":"2022-07-18T11:15:29","slug":"zulassungsstatistik-oesterreich-maehdrescher-traktoren-1-halbjahr-2022","status":"publish","type":"post","link":"https:\/\/www.landwirt.com\/news\/zulassungsstatistik-oesterreich-maehdrescher-traktoren-1-halbjahr-2022\/","title":{"rendered":"Zulassungsstatistik \u00d6sterreich: M\u00e4hdrescher &#038; Traktoren 1. Halbjahr 2022"},"content":{"rendered":"\n<hr class=\"wp-block-separator\"\/>\n\n\n\n<h3 class=\"has-text-align-center wp-block-heading\">Trotz starkem R\u00fcckgang der M\u00e4hdrescher-Zulassungen im Vergleich zum Vorjahr, bleibt Claas die Nummer 1.<br> Der Trend bei den Zulassungen der Standardtraktoren bleibt seit Beginn des Jahres gleich.<\/h3>\n\n\n\n<div style=\"height:20px\" aria-hidden=\"true\" class=\"wp-block-spacer\"><\/div>\n\n\n\n<div class=\"wp-block-columns is-layout-flex wp-container-core-columns-is-layout-9d6595d7 wp-block-columns-is-layout-flex\">\n<div class=\"wp-block-column is-layout-flow wp-block-column-is-layout-flow\">\n<p>Die M\u00e4hdrescher-Zulassungen von J\u00e4nner bis Juni 2022 sind um beinahe 60% zur\u00fcckgegangen verglichen mit dem gleichen Zeitraum im Vorjahr. Absolut sind das 33 Zulassungen dieses Jahr gegen\u00fcber 82 M\u00e4hdrescher-Zulassungen 2021.<\/p>\n\n\n\n<p>Trotz dieser Entwicklung kann sich Claas mit 17 Zulassungen gegen\u00fcber New Holland mit 10 Zulassungen im 1. Halbjahr 2022 behaupten.<\/p>\n\n\n\n<p>Case IH und Fendt konnten heuer noch keine einzige M\u00e4hdrescher-Zulassung verbuchen. <\/p>\n<\/div>\n\n\n\n<div class=\"wp-block-column is-layout-flow wp-block-column-is-layout-flow\">\n<figure class=\"wp-block-image size-large\"><img loading=\"lazy\" decoding=\"async\" width=\"1030\" height=\"671\" src=\"https:\/\/www.landwirt.com\/news\/wp-content\/uploads\/2022\/07\/Zulassungsstatstik-maehdrescher-jan-juni-2022-3-1030x671.png\" alt=\"\" class=\"wp-image-10191\" srcset=\"https:\/\/www.landwirt.com\/news\/wp-content\/uploads\/2022\/07\/Zulassungsstatstik-maehdrescher-jan-juni-2022-3-1030x671.png 1030w, https:\/\/www.landwirt.com\/news\/wp-content\/uploads\/2022\/07\/Zulassungsstatstik-maehdrescher-jan-juni-2022-3-300x195.png 300w, https:\/\/www.landwirt.com\/news\/wp-content\/uploads\/2022\/07\/Zulassungsstatstik-maehdrescher-jan-juni-2022-3-768x500.png 768w, https:\/\/www.landwirt.com\/news\/wp-content\/uploads\/2022\/07\/Zulassungsstatstik-maehdrescher-jan-juni-2022-3-1536x1000.png 1536w, https:\/\/www.landwirt.com\/news\/wp-content\/uploads\/2022\/07\/Zulassungsstatstik-maehdrescher-jan-juni-2022-3-2048x1334.png 2048w, https:\/\/www.landwirt.com\/news\/wp-content\/uploads\/2022\/07\/Zulassungsstatstik-maehdrescher-jan-juni-2022-3-1500x977.png 1500w, https:\/\/www.landwirt.com\/news\/wp-content\/uploads\/2022\/07\/Zulassungsstatstik-maehdrescher-jan-juni-2022-3-705x459.png 705w\" sizes=\"auto, (max-width: 1030px) 100vw, 1030px\" \/><\/figure>\n<\/div>\n<\/div>\n\n\n\n<h2 class=\"has-text-align-center has-col-008-a-4-c-color has-text-color wp-block-heading\">Zulassungen von Standardtraktoren<\/h2>\n\n\n\n<figure class=\"wp-block-image size-full\"><img loading=\"lazy\" decoding=\"async\" width=\"3979\" height=\"2062\" src=\"https:\/\/www.landwirt.com\/news\/wp-content\/uploads\/2022\/07\/Zulassungsstatstik-standardtraktoren-jan-juni-2022.png\" alt=\"\" class=\"wp-image-10193\" srcset=\"https:\/\/www.landwirt.com\/news\/wp-content\/uploads\/2022\/07\/Zulassungsstatstik-standardtraktoren-jan-juni-2022.png 3979w, https:\/\/www.landwirt.com\/news\/wp-content\/uploads\/2022\/07\/Zulassungsstatstik-standardtraktoren-jan-juni-2022-300x155.png 300w, https:\/\/www.landwirt.com\/news\/wp-content\/uploads\/2022\/07\/Zulassungsstatstik-standardtraktoren-jan-juni-2022-1030x534.png 1030w, https:\/\/www.landwirt.com\/news\/wp-content\/uploads\/2022\/07\/Zulassungsstatstik-standardtraktoren-jan-juni-2022-768x398.png 768w, https:\/\/www.landwirt.com\/news\/wp-content\/uploads\/2022\/07\/Zulassungsstatstik-standardtraktoren-jan-juni-2022-1536x796.png 1536w, https:\/\/www.landwirt.com\/news\/wp-content\/uploads\/2022\/07\/Zulassungsstatstik-standardtraktoren-jan-juni-2022-2048x1061.png 2048w, https:\/\/www.landwirt.com\/news\/wp-content\/uploads\/2022\/07\/Zulassungsstatstik-standardtraktoren-jan-juni-2022-1500x777.png 1500w, https:\/\/www.landwirt.com\/news\/wp-content\/uploads\/2022\/07\/Zulassungsstatstik-standardtraktoren-jan-juni-2022-705x365.png 705w\" sizes=\"auto, (max-width: 3979px) 100vw, 3979px\" \/><\/figure>\n\n\n\n<p>Bei den Standardtraktoren-Zulassungen gibt es weiterhin kaum Ver\u00e4nderung. Auch hier sind die Zulassungszahlen aus dem 1. Halbjahr 2022 r\u00fcckl\u00e4ufig im Vergleich zum selben Zeitraum 2021. Allerdings mit einer gro\u00dfen Ausnahme: Lindner Traktoren ist die einzige Marke, die von J\u00e4nner bis Juni 2022 ein Plus bei den Zulassungen im Vergleich zum 1.  Halbjahr des Vorjahres vorweisen kann.<\/p>\n\n\n\n<div class=\"wp-block-columns is-layout-flex wp-container-core-columns-is-layout-9d6595d7 wp-block-columns-is-layout-flex\">\n<div class=\"wp-block-column is-layout-flow wp-block-column-is-layout-flow\" style=\"flex-basis:50%\">\n<figure class=\"wp-block-image size-large\"><img loading=\"lazy\" decoding=\"async\" width=\"1030\" height=\"762\" src=\"https:\/\/www.landwirt.com\/news\/wp-content\/uploads\/2022\/07\/marktanteil-o-w-traktoren-jan-juni-2022-1030x762.png\" alt=\"\" class=\"wp-image-10196\" srcset=\"https:\/\/www.landwirt.com\/news\/wp-content\/uploads\/2022\/07\/marktanteil-o-w-traktoren-jan-juni-2022-1030x762.png 1030w, https:\/\/www.landwirt.com\/news\/wp-content\/uploads\/2022\/07\/marktanteil-o-w-traktoren-jan-juni-2022-300x222.png 300w, https:\/\/www.landwirt.com\/news\/wp-content\/uploads\/2022\/07\/marktanteil-o-w-traktoren-jan-juni-2022-768x568.png 768w, https:\/\/www.landwirt.com\/news\/wp-content\/uploads\/2022\/07\/marktanteil-o-w-traktoren-jan-juni-2022-1536x1136.png 1536w, https:\/\/www.landwirt.com\/news\/wp-content\/uploads\/2022\/07\/marktanteil-o-w-traktoren-jan-juni-2022-2048x1515.png 2048w, https:\/\/www.landwirt.com\/news\/wp-content\/uploads\/2022\/07\/marktanteil-o-w-traktoren-jan-juni-2022-1500x1109.png 1500w, https:\/\/www.landwirt.com\/news\/wp-content\/uploads\/2022\/07\/marktanteil-o-w-traktoren-jan-juni-2022-705x521.png 705w\" sizes=\"auto, (max-width: 1030px) 100vw, 1030px\" \/><\/figure>\n<\/div>\n\n\n\n<div class=\"wp-block-column is-vertically-aligned-center is-layout-flow wp-block-column-is-layout-flow\" style=\"flex-basis:50%\">\n<h3 class=\"has-text-align-left wp-block-heading\">Marktanteil von Obst- und Weinbautraktoren 2022<\/h3>\n\n\n\n<p>Der Mart von Obst- und Weinbautraktoren wird eindeutig von Fendt mit 51% dominiert. Danach folgen New Holland und Massey Ferguson als einzige Marken mit mehr als 10 Prozentpunkten Marktanteil. Das restliche knappe Viertel des Marktanteils wird zwischen Same, Case IH, Claas, Kubota, Landini, Deutz-Fahr und John Deere zu jeweils recht geringen Teilen aufgeteilt.<\/p>\n\n\n\n<p style=\"font-size:0.85em\">Quelle: Statistik Austria, erstellt CLUB LANDTECHNIK AUSTRIA<\/p>\n<\/div>\n<\/div>\n","protected":false},"excerpt":{"rendered":"<p>Trotz starkem R\u00fcckgang der M\u00e4hdrescher-Zulassungen im Vergleich zum Vorjahr, bleibt Claas die Nummer 1<\/p>\n","protected":false},"author":15,"featured_media":10201,"comment_status":"closed","ping_status":"closed","sticky":false,"template":"","format":"standard","meta":{"footnotes":""},"categories":[15,1,14],"tags":[55,84,62,183,54],"class_list":["post-10181","post","type-post","status-publish","format-standard","has-post-thumbnail","hentry","category-landwirt","category-werbung","category-zulassungsstatistik","tag-standardtraktoren","tag-statistik-mahdrescher","tag-traktor","tag-traktoren","tag-zulassungsstatistik"],"yoast_head":"<!-- This site is optimized with the Yoast SEO plugin v27.4 - https:\/\/yoast.com\/product\/yoast-seo-wordpress\/ -->\n<title>Zulassungsstatistik \u00d6sterreich: M\u00e4hdrescher &amp; Traktoren 1. Halbjahr 2022 - Landwirt.com News<\/title>\n<meta name=\"robots\" content=\"index, follow, max-snippet:-1, max-image-preview:large, max-video-preview:-1\" \/>\n<meta property=\"og:locale\" content=\"de_DE\" \/>\n<meta property=\"og:type\" content=\"article\" \/>\n<meta property=\"og:title\" content=\"Zulassungsstatistik \u00d6sterreich: M\u00e4hdrescher &amp; Traktoren 1. Halbjahr 2022 - Landwirt.com News\" \/>\n<meta property=\"og:description\" content=\"Trotz starkem R\u00fcckgang der M\u00e4hdrescher-Zulassungen im Vergleich zum Vorjahr, bleibt Claas die Nummer 1\" \/>\n<meta property=\"og:url\" content=\"https:\/\/www.landwirt.com\/news\/zulassungsstatistik-oesterreich-maehdrescher-traktoren-1-halbjahr-2022\/\" \/>\n<meta property=\"og:site_name\" content=\"Landwirt.com News\" \/>\n<meta property=\"article:published_time\" content=\"2022-07-18T11:13:54+00:00\" \/>\n<meta property=\"article:modified_time\" content=\"2022-07-18T11:15:29+00:00\" \/>\n<meta property=\"og:image\" content=\"https:\/\/www.landwirt.com\/news\/wp-content\/uploads\/2022\/07\/Beitragsbild-zulassungsstatistik-jan-juni-2022.jpg\" \/>\n\t<meta property=\"og:image:width\" content=\"495\" \/>\n\t<meta property=\"og:image:height\" content=\"400\" \/>\n\t<meta property=\"og:image:type\" content=\"image\/jpeg\" \/>\n<meta name=\"author\" content=\"Edith Winter\" \/>\n<meta name=\"twitter:card\" content=\"summary_large_image\" \/>\n<meta name=\"twitter:label1\" content=\"Verfasst von\" \/>\n\t<meta name=\"twitter:data1\" content=\"Edith Winter\" \/>\n\t<meta name=\"twitter:label2\" content=\"Gesch\u00e4tzte Lesezeit\" \/>\n\t<meta name=\"twitter:data2\" content=\"2 Minuten\" \/>\n<script type=\"application\/ld+json\" class=\"yoast-schema-graph\">{\"@context\":\"https:\\\/\\\/schema.org\",\"@graph\":[{\"@type\":\"Article\",\"@id\":\"https:\\\/\\\/www.landwirt.com\\\/news\\\/zulassungsstatistik-oesterreich-maehdrescher-traktoren-1-halbjahr-2022\\\/#article\",\"isPartOf\":{\"@id\":\"https:\\\/\\\/www.landwirt.com\\\/news\\\/zulassungsstatistik-oesterreich-maehdrescher-traktoren-1-halbjahr-2022\\\/\"},\"author\":{\"name\":\"Edith Winter\",\"@id\":\"https:\\\/\\\/www.landwirt.com\\\/news\\\/#\\\/schema\\\/person\\\/58b1026d44b61c2d0c39d2d1220d43e9\"},\"headline\":\"Zulassungsstatistik \u00d6sterreich: M\u00e4hdrescher &#038; Traktoren 1. Halbjahr 2022\",\"datePublished\":\"2022-07-18T11:13:54+00:00\",\"dateModified\":\"2022-07-18T11:15:29+00:00\",\"mainEntityOfPage\":{\"@id\":\"https:\\\/\\\/www.landwirt.com\\\/news\\\/zulassungsstatistik-oesterreich-maehdrescher-traktoren-1-halbjahr-2022\\\/\"},\"wordCount\":215,\"publisher\":{\"@id\":\"https:\\\/\\\/www.landwirt.com\\\/news\\\/#organization\"},\"image\":{\"@id\":\"https:\\\/\\\/www.landwirt.com\\\/news\\\/zulassungsstatistik-oesterreich-maehdrescher-traktoren-1-halbjahr-2022\\\/#primaryimage\"},\"thumbnailUrl\":\"https:\\\/\\\/www.landwirt.com\\\/news\\\/wp-content\\\/uploads\\\/2022\\\/07\\\/Beitragsbild-zulassungsstatistik-jan-juni-2022.jpg\",\"keywords\":[\"Standardtraktoren\",\"Statistik M\u00e4hdrescher\",\"Traktor\",\"Traktoren\",\"Zulassungsstatistik\"],\"articleSection\":[\"Landwirt\",\"Werbung\",\"Zulassungsstatistik\"],\"inLanguage\":\"de-AT\"},{\"@type\":\"WebPage\",\"@id\":\"https:\\\/\\\/www.landwirt.com\\\/news\\\/zulassungsstatistik-oesterreich-maehdrescher-traktoren-1-halbjahr-2022\\\/\",\"url\":\"https:\\\/\\\/www.landwirt.com\\\/news\\\/zulassungsstatistik-oesterreich-maehdrescher-traktoren-1-halbjahr-2022\\\/\",\"name\":\"Zulassungsstatistik \u00d6sterreich: M\u00e4hdrescher & Traktoren 1. Halbjahr 2022 - Landwirt.com News\",\"isPartOf\":{\"@id\":\"https:\\\/\\\/www.landwirt.com\\\/news\\\/#website\"},\"primaryImageOfPage\":{\"@id\":\"https:\\\/\\\/www.landwirt.com\\\/news\\\/zulassungsstatistik-oesterreich-maehdrescher-traktoren-1-halbjahr-2022\\\/#primaryimage\"},\"image\":{\"@id\":\"https:\\\/\\\/www.landwirt.com\\\/news\\\/zulassungsstatistik-oesterreich-maehdrescher-traktoren-1-halbjahr-2022\\\/#primaryimage\"},\"thumbnailUrl\":\"https:\\\/\\\/www.landwirt.com\\\/news\\\/wp-content\\\/uploads\\\/2022\\\/07\\\/Beitragsbild-zulassungsstatistik-jan-juni-2022.jpg\",\"datePublished\":\"2022-07-18T11:13:54+00:00\",\"dateModified\":\"2022-07-18T11:15:29+00:00\",\"breadcrumb\":{\"@id\":\"https:\\\/\\\/www.landwirt.com\\\/news\\\/zulassungsstatistik-oesterreich-maehdrescher-traktoren-1-halbjahr-2022\\\/#breadcrumb\"},\"inLanguage\":\"de-AT\",\"potentialAction\":[{\"@type\":\"ReadAction\",\"target\":[\"https:\\\/\\\/www.landwirt.com\\\/news\\\/zulassungsstatistik-oesterreich-maehdrescher-traktoren-1-halbjahr-2022\\\/\"]}]},{\"@type\":\"ImageObject\",\"inLanguage\":\"de-AT\",\"@id\":\"https:\\\/\\\/www.landwirt.com\\\/news\\\/zulassungsstatistik-oesterreich-maehdrescher-traktoren-1-halbjahr-2022\\\/#primaryimage\",\"url\":\"https:\\\/\\\/www.landwirt.com\\\/news\\\/wp-content\\\/uploads\\\/2022\\\/07\\\/Beitragsbild-zulassungsstatistik-jan-juni-2022.jpg\",\"contentUrl\":\"https:\\\/\\\/www.landwirt.com\\\/news\\\/wp-content\\\/uploads\\\/2022\\\/07\\\/Beitragsbild-zulassungsstatistik-jan-juni-2022.jpg\",\"width\":495,\"height\":400},{\"@type\":\"BreadcrumbList\",\"@id\":\"https:\\\/\\\/www.landwirt.com\\\/news\\\/zulassungsstatistik-oesterreich-maehdrescher-traktoren-1-halbjahr-2022\\\/#breadcrumb\",\"itemListElement\":[{\"@type\":\"ListItem\",\"position\":1,\"name\":\"Home\",\"item\":\"https:\\\/\\\/www.landwirt.com\\\/news\\\/home\\\/\"},{\"@type\":\"ListItem\",\"position\":2,\"name\":\"Zulassungsstatistik \u00d6sterreich: M\u00e4hdrescher &#038; Traktoren 1. Halbjahr 2022\"}]},{\"@type\":\"WebSite\",\"@id\":\"https:\\\/\\\/www.landwirt.com\\\/news\\\/#website\",\"url\":\"https:\\\/\\\/www.landwirt.com\\\/news\\\/\",\"name\":\"Landwirt.com News\",\"description\":\"Landwirt.com News\",\"publisher\":{\"@id\":\"https:\\\/\\\/www.landwirt.com\\\/news\\\/#organization\"},\"potentialAction\":[{\"@type\":\"SearchAction\",\"target\":{\"@type\":\"EntryPoint\",\"urlTemplate\":\"https:\\\/\\\/www.landwirt.com\\\/news\\\/?s={search_term_string}\"},\"query-input\":{\"@type\":\"PropertyValueSpecification\",\"valueRequired\":true,\"valueName\":\"search_term_string\"}}],\"inLanguage\":\"de-AT\"},{\"@type\":\"Organization\",\"@id\":\"https:\\\/\\\/www.landwirt.com\\\/news\\\/#organization\",\"name\":\"LANDWIRT.COM GMBH\",\"url\":\"https:\\\/\\\/www.landwirt.com\\\/news\\\/\",\"logo\":{\"@type\":\"ImageObject\",\"inLanguage\":\"de-AT\",\"@id\":\"https:\\\/\\\/www.landwirt.com\\\/news\\\/#\\\/schema\\\/logo\\\/image\\\/\",\"url\":\"https:\\\/\\\/www.landwirt.com\\\/news\\\/wp-content\\\/uploads\\\/2020\\\/02\\\/LW-logo.png\",\"contentUrl\":\"https:\\\/\\\/www.landwirt.com\\\/news\\\/wp-content\\\/uploads\\\/2020\\\/02\\\/LW-logo.png\",\"width\":250,\"height\":58,\"caption\":\"LANDWIRT.COM GMBH\"},\"image\":{\"@id\":\"https:\\\/\\\/www.landwirt.com\\\/news\\\/#\\\/schema\\\/logo\\\/image\\\/\"}},{\"@type\":\"Person\",\"@id\":\"https:\\\/\\\/www.landwirt.com\\\/news\\\/#\\\/schema\\\/person\\\/58b1026d44b61c2d0c39d2d1220d43e9\",\"name\":\"Edith Winter\",\"image\":{\"@type\":\"ImageObject\",\"inLanguage\":\"de-AT\",\"@id\":\"https:\\\/\\\/secure.gravatar.com\\\/avatar\\\/a8a5aac669c36d589ec506dc09b6dcb6e1c7c0b8731e97f1f2dcea5e26e28095?s=96&d=mm&r=g\",\"url\":\"https:\\\/\\\/secure.gravatar.com\\\/avatar\\\/a8a5aac669c36d589ec506dc09b6dcb6e1c7c0b8731e97f1f2dcea5e26e28095?s=96&d=mm&r=g\",\"contentUrl\":\"https:\\\/\\\/secure.gravatar.com\\\/avatar\\\/a8a5aac669c36d589ec506dc09b6dcb6e1c7c0b8731e97f1f2dcea5e26e28095?s=96&d=mm&r=g\",\"caption\":\"Edith Winter\"},\"url\":\"https:\\\/\\\/www.landwirt.com\\\/news\\\/author\\\/edith\\\/\"}]}<\/script>\n<!-- \/ Yoast SEO plugin. -->","yoast_head_json":{"title":"Zulassungsstatistik \u00d6sterreich: M\u00e4hdrescher & Traktoren 1. Halbjahr 2022 - Landwirt.com News","robots":{"index":"index","follow":"follow","max-snippet":"max-snippet:-1","max-image-preview":"max-image-preview:large","max-video-preview":"max-video-preview:-1"},"og_locale":"de_DE","og_type":"article","og_title":"Zulassungsstatistik \u00d6sterreich: M\u00e4hdrescher & Traktoren 1. Halbjahr 2022 - Landwirt.com News","og_description":"Trotz starkem R\u00fcckgang der M\u00e4hdrescher-Zulassungen im Vergleich zum Vorjahr, bleibt Claas die Nummer 1","og_url":"https:\/\/www.landwirt.com\/news\/zulassungsstatistik-oesterreich-maehdrescher-traktoren-1-halbjahr-2022\/","og_site_name":"Landwirt.com News","article_published_time":"2022-07-18T11:13:54+00:00","article_modified_time":"2022-07-18T11:15:29+00:00","og_image":[{"width":495,"height":400,"url":"https:\/\/www.landwirt.com\/news\/wp-content\/uploads\/2022\/07\/Beitragsbild-zulassungsstatistik-jan-juni-2022.jpg","type":"image\/jpeg"}],"author":"Edith Winter","twitter_card":"summary_large_image","twitter_misc":{"Verfasst von":"Edith Winter","Gesch\u00e4tzte Lesezeit":"2 Minuten"},"schema":{"@context":"https:\/\/schema.org","@graph":[{"@type":"Article","@id":"https:\/\/www.landwirt.com\/news\/zulassungsstatistik-oesterreich-maehdrescher-traktoren-1-halbjahr-2022\/#article","isPartOf":{"@id":"https:\/\/www.landwirt.com\/news\/zulassungsstatistik-oesterreich-maehdrescher-traktoren-1-halbjahr-2022\/"},"author":{"name":"Edith Winter","@id":"https:\/\/www.landwirt.com\/news\/#\/schema\/person\/58b1026d44b61c2d0c39d2d1220d43e9"},"headline":"Zulassungsstatistik \u00d6sterreich: M\u00e4hdrescher &#038; Traktoren 1. Halbjahr 2022","datePublished":"2022-07-18T11:13:54+00:00","dateModified":"2022-07-18T11:15:29+00:00","mainEntityOfPage":{"@id":"https:\/\/www.landwirt.com\/news\/zulassungsstatistik-oesterreich-maehdrescher-traktoren-1-halbjahr-2022\/"},"wordCount":215,"publisher":{"@id":"https:\/\/www.landwirt.com\/news\/#organization"},"image":{"@id":"https:\/\/www.landwirt.com\/news\/zulassungsstatistik-oesterreich-maehdrescher-traktoren-1-halbjahr-2022\/#primaryimage"},"thumbnailUrl":"https:\/\/www.landwirt.com\/news\/wp-content\/uploads\/2022\/07\/Beitragsbild-zulassungsstatistik-jan-juni-2022.jpg","keywords":["Standardtraktoren","Statistik M\u00e4hdrescher","Traktor","Traktoren","Zulassungsstatistik"],"articleSection":["Landwirt","Werbung","Zulassungsstatistik"],"inLanguage":"de-AT"},{"@type":"WebPage","@id":"https:\/\/www.landwirt.com\/news\/zulassungsstatistik-oesterreich-maehdrescher-traktoren-1-halbjahr-2022\/","url":"https:\/\/www.landwirt.com\/news\/zulassungsstatistik-oesterreich-maehdrescher-traktoren-1-halbjahr-2022\/","name":"Zulassungsstatistik \u00d6sterreich: M\u00e4hdrescher & Traktoren 1. Halbjahr 2022 - Landwirt.com News","isPartOf":{"@id":"https:\/\/www.landwirt.com\/news\/#website"},"primaryImageOfPage":{"@id":"https:\/\/www.landwirt.com\/news\/zulassungsstatistik-oesterreich-maehdrescher-traktoren-1-halbjahr-2022\/#primaryimage"},"image":{"@id":"https:\/\/www.landwirt.com\/news\/zulassungsstatistik-oesterreich-maehdrescher-traktoren-1-halbjahr-2022\/#primaryimage"},"thumbnailUrl":"https:\/\/www.landwirt.com\/news\/wp-content\/uploads\/2022\/07\/Beitragsbild-zulassungsstatistik-jan-juni-2022.jpg","datePublished":"2022-07-18T11:13:54+00:00","dateModified":"2022-07-18T11:15:29+00:00","breadcrumb":{"@id":"https:\/\/www.landwirt.com\/news\/zulassungsstatistik-oesterreich-maehdrescher-traktoren-1-halbjahr-2022\/#breadcrumb"},"inLanguage":"de-AT","potentialAction":[{"@type":"ReadAction","target":["https:\/\/www.landwirt.com\/news\/zulassungsstatistik-oesterreich-maehdrescher-traktoren-1-halbjahr-2022\/"]}]},{"@type":"ImageObject","inLanguage":"de-AT","@id":"https:\/\/www.landwirt.com\/news\/zulassungsstatistik-oesterreich-maehdrescher-traktoren-1-halbjahr-2022\/#primaryimage","url":"https:\/\/www.landwirt.com\/news\/wp-content\/uploads\/2022\/07\/Beitragsbild-zulassungsstatistik-jan-juni-2022.jpg","contentUrl":"https:\/\/www.landwirt.com\/news\/wp-content\/uploads\/2022\/07\/Beitragsbild-zulassungsstatistik-jan-juni-2022.jpg","width":495,"height":400},{"@type":"BreadcrumbList","@id":"https:\/\/www.landwirt.com\/news\/zulassungsstatistik-oesterreich-maehdrescher-traktoren-1-halbjahr-2022\/#breadcrumb","itemListElement":[{"@type":"ListItem","position":1,"name":"Home","item":"https:\/\/www.landwirt.com\/news\/home\/"},{"@type":"ListItem","position":2,"name":"Zulassungsstatistik \u00d6sterreich: M\u00e4hdrescher &#038; Traktoren 1. Halbjahr 2022"}]},{"@type":"WebSite","@id":"https:\/\/www.landwirt.com\/news\/#website","url":"https:\/\/www.landwirt.com\/news\/","name":"Landwirt.com News","description":"Landwirt.com News","publisher":{"@id":"https:\/\/www.landwirt.com\/news\/#organization"},"potentialAction":[{"@type":"SearchAction","target":{"@type":"EntryPoint","urlTemplate":"https:\/\/www.landwirt.com\/news\/?s={search_term_string}"},"query-input":{"@type":"PropertyValueSpecification","valueRequired":true,"valueName":"search_term_string"}}],"inLanguage":"de-AT"},{"@type":"Organization","@id":"https:\/\/www.landwirt.com\/news\/#organization","name":"LANDWIRT.COM GMBH","url":"https:\/\/www.landwirt.com\/news\/","logo":{"@type":"ImageObject","inLanguage":"de-AT","@id":"https:\/\/www.landwirt.com\/news\/#\/schema\/logo\/image\/","url":"https:\/\/www.landwirt.com\/news\/wp-content\/uploads\/2020\/02\/LW-logo.png","contentUrl":"https:\/\/www.landwirt.com\/news\/wp-content\/uploads\/2020\/02\/LW-logo.png","width":250,"height":58,"caption":"LANDWIRT.COM GMBH"},"image":{"@id":"https:\/\/www.landwirt.com\/news\/#\/schema\/logo\/image\/"}},{"@type":"Person","@id":"https:\/\/www.landwirt.com\/news\/#\/schema\/person\/58b1026d44b61c2d0c39d2d1220d43e9","name":"Edith Winter","image":{"@type":"ImageObject","inLanguage":"de-AT","@id":"https:\/\/secure.gravatar.com\/avatar\/a8a5aac669c36d589ec506dc09b6dcb6e1c7c0b8731e97f1f2dcea5e26e28095?s=96&d=mm&r=g","url":"https:\/\/secure.gravatar.com\/avatar\/a8a5aac669c36d589ec506dc09b6dcb6e1c7c0b8731e97f1f2dcea5e26e28095?s=96&d=mm&r=g","contentUrl":"https:\/\/secure.gravatar.com\/avatar\/a8a5aac669c36d589ec506dc09b6dcb6e1c7c0b8731e97f1f2dcea5e26e28095?s=96&d=mm&r=g","caption":"Edith Winter"},"url":"https:\/\/www.landwirt.com\/news\/author\/edith\/"}]}},"_links":{"self":[{"href":"https:\/\/www.landwirt.com\/news\/wp-json\/wp\/v2\/posts\/10181","targetHints":{"allow":["GET"]}}],"collection":[{"href":"https:\/\/www.landwirt.com\/news\/wp-json\/wp\/v2\/posts"}],"about":[{"href":"https:\/\/www.landwirt.com\/news\/wp-json\/wp\/v2\/types\/post"}],"author":[{"embeddable":true,"href":"https:\/\/www.landwirt.com\/news\/wp-json\/wp\/v2\/users\/15"}],"replies":[{"embeddable":true,"href":"https:\/\/www.landwirt.com\/news\/wp-json\/wp\/v2\/comments?post=10181"}],"version-history":[{"count":15,"href":"https:\/\/www.landwirt.com\/news\/wp-json\/wp\/v2\/posts\/10181\/revisions"}],"predecessor-version":[{"id":10206,"href":"https:\/\/www.landwirt.com\/news\/wp-json\/wp\/v2\/posts\/10181\/revisions\/10206"}],"wp:featuredmedia":[{"embeddable":true,"href":"https:\/\/www.landwirt.com\/news\/wp-json\/wp\/v2\/media\/10201"}],"wp:attachment":[{"href":"https:\/\/www.landwirt.com\/news\/wp-json\/wp\/v2\/media?parent=10181"}],"wp:term":[{"taxonomy":"category","embeddable":true,"href":"https:\/\/www.landwirt.com\/news\/wp-json\/wp\/v2\/categories?post=10181"},{"taxonomy":"post_tag","embeddable":true,"href":"https:\/\/www.landwirt.com\/news\/wp-json\/wp\/v2\/tags?post=10181"}],"curies":[{"name":"wp","href":"https:\/\/api.w.org\/{rel}","templated":true}]}}