{"id":10163,"date":"2022-07-14T14:20:52","date_gmt":"2022-07-14T12:20:52","guid":{"rendered":"https:\/\/www.landwirt.com\/news\/?p=10163"},"modified":"2022-07-14T14:41:25","modified_gmt":"2022-07-14T12:41:25","slug":"die-aktuellen-besonderheiten-im-obstbau-auf-landwirt-com","status":"publish","type":"post","link":"https:\/\/www.landwirt.com\/news\/die-aktuellen-besonderheiten-im-obstbau-auf-landwirt-com\/","title":{"rendered":"Die aktuellen Besonderheiten im Obstbau auf Landwirt.com"},"content":{"rendered":"\n<hr class=\"wp-block-separator\"\/>\n\n\n\n<div class=\"wp-block-columns is-layout-flex wp-container-core-columns-is-layout-9d6595d7 wp-block-columns-is-layout-flex\">\n<div class=\"wp-block-column is-layout-flow wp-block-column-is-layout-flow\">\n<figure class=\"wp-block-image size-portfolio\"><a href=\"https:\/\/www.landwirt.com\/gebrauchte,2974906,Samatec-Samatec-EVO-2-Allrad.html\" target=\"_blank\" rel=\"noopener\"><img loading=\"lazy\" decoding=\"async\" width=\"495\" height=\"400\" src=\"https:\/\/www.landwirt.com\/news\/wp-content\/uploads\/2022\/07\/3374-c2b187256f0bbfc2a688d16ed33c313c-2974906-0vb-495x400.jpg\" alt=\"\" class=\"wp-image-10164\" srcset=\"https:\/\/www.landwirt.com\/news\/wp-content\/uploads\/2022\/07\/3374-c2b187256f0bbfc2a688d16ed33c313c-2974906-0vb-495x400.jpg 495w, https:\/\/www.landwirt.com\/news\/wp-content\/uploads\/2022\/07\/3374-c2b187256f0bbfc2a688d16ed33c313c-2974906-0vb-845x684.jpg 845w\" sizes=\"auto, (max-width: 495px) 100vw, 495px\" \/><\/a><\/figure>\n\n\n\n<p class=\"has-text-align-center\"><a href=\"https:\/\/www.landwirt.com\/gebrauchte,2974906,Samatec-Samatec-EVO-2-Allrad.html\"><strong><strong><strong>Samatec EVO 2 Allrad<\/strong><\/strong><\/strong><\/a><\/p>\n\n\n\n<p>Die Arbeitsb\u00fchne f\u00fcr Obst- und Weinbau verf\u00fcgt \u00fcber einen Allradantrieb und zwei Differenzialachsen mit automatischem Sperrdifferenzial. Die Arbeitsh\u00f6he liegt bei 2,60 Metern. Die Arbeitsb\u00fchne aus dem Jahr 2022 ist derzeit um \u20ac 72.500 bei AgroComTech zu haben.<\/p>\n<\/div>\n\n\n\n<div class=\"wp-block-column is-layout-flow wp-block-column-is-layout-flow\">\n<figure class=\"wp-block-image size-portfolio\"><a href=\"https:\/\/www.landwirt.com\/gebrauchte,2788703,Fischer-BV-3-195-290-Twister-.html\"><img loading=\"lazy\" decoding=\"async\" width=\"495\" height=\"400\" src=\"https:\/\/www.landwirt.com\/news\/wp-content\/uploads\/2022\/07\/3374-00082cb21d983f44bda9afdb7cd70122-2788703-0vb-495x400.jpg\" alt=\"\" class=\"wp-image-10165\" srcset=\"https:\/\/www.landwirt.com\/news\/wp-content\/uploads\/2022\/07\/3374-00082cb21d983f44bda9afdb7cd70122-2788703-0vb-495x400.jpg 495w, https:\/\/www.landwirt.com\/news\/wp-content\/uploads\/2022\/07\/3374-00082cb21d983f44bda9afdb7cd70122-2788703-0vb-845x684.jpg 845w\" sizes=\"auto, (max-width: 495px) 100vw, 495px\" \/><\/a><\/figure>\n\n\n\n<p class=\"has-text-align-center\"><strong><strong><a href=\"https:\/\/www.landwirt.com\/gebrauchte,2788703,Fischer-BV-3-195-290-Twister-.html\"><strong>Fischer BV 3\u00a0195-290 Twister<\/strong><\/a><\/strong><\/strong><\/p>\n\n\n\n<p>Der Mulcher Fischer BV 3 ist zus\u00e4tzlich mit einem Bio-B\u00fcrstenkopf zur Baumstreifenpflege ausgestattet, welcher hydraulisch verstellbar ist. Die Maschine stammt aus dem Jahr 2021 und wird von AgroComTech derzeit um \u20ac 24.960 auf Landwirt.com angeboten.<\/p>\n<\/div>\n\n\n\n<div class=\"wp-block-column is-layout-flow wp-block-column-is-layout-flow\">\n<figure class=\"wp-block-image size-portfolio\"><a href=\"https:\/\/www.landwirt.com\/gebrauchte,2701836,Antonio-Carraro-SRX-10900-Revolution.html\" target=\"_blank\" rel=\"noopener\"><img loading=\"lazy\" decoding=\"async\" width=\"495\" height=\"400\" src=\"https:\/\/www.landwirt.com\/news\/wp-content\/uploads\/2022\/07\/3540-52112783c721c3358c7c5ebaab9a197a-2701836-0vb-495x400.jpg\" alt=\"\" class=\"wp-image-10166\"\/><\/a><\/figure>\n\n\n\n<p class=\"has-text-align-center\"><strong><strong><strong><a href=\"https:\/\/www.landwirt.com\/gebrauchte,2701836,Antonio-Carraro-SRX-10900-Revolution.html\">Antonio Carraro SRX 10900 Revolution<\/a><\/strong><\/strong><\/strong><\/p>\n\n\n\n<p>Der Obst- und Weinbautraktor Antonio Carraro SRX 10900 angeboten von Landtechnik &amp; KFZ Binder ist eine Ausstellungsmaschine mit 98 PS und enormen 3,8l Hubraum. Der Knicklenker ist spezialisiert f\u00fcr den Einsatz auf engstem Raum oder in Reihenkulturen, Obstplantagen und Weinbergen, auf ebenem Gel\u00e4nde oder an H\u00e4ngen. Der Traktor mit einer Betriebsstunde ist aktuell um \u20ac 85.000 auf Landwirt.com zu erwerben.<\/p>\n<\/div>\n<\/div>\n\n\n\n<p id=\"teil2\" style=\"font-size:1.1em\"><strong>F\u00fcr Landwirte im Obstbau hei\u00dft es jetzt Arbeiten auf Hochtouren. Da gilt es nat\u00fcrlich, gute einsatzf\u00e4hige Maschinen zu haben. Welche besonderen Gebrauchtmaschinen man derzeit in der Kategorie Obstbau auf Landwirt.com findet, haben wir f\u00fcr euch zusammengestellt.<\/strong><\/p>\n\n\n\n<div class=\"wp-block-columns is-layout-flex wp-container-core-columns-is-layout-9d6595d7 wp-block-columns-is-layout-flex\">\n<div class=\"wp-block-column is-layout-flow wp-block-column-is-layout-flow\">\n<figure class=\"wp-block-image size-portfolio\"><a href=\"https:\/\/www.landwirt.com\/gebrauchte,3174078,MC-AGRI-Erntemaschine-fverschiedene-Obstbaeume.html\"><img loading=\"lazy\" decoding=\"async\" width=\"495\" height=\"400\" src=\"https:\/\/www.landwirt.com\/news\/wp-content\/uploads\/2022\/07\/MC-AGRI-Erntemaschine-495x400.jpg\" alt=\"\" class=\"wp-image-10170\"\/><\/a><\/figure>\n\n\n\n<p class=\"has-text-align-center\"><a href=\"https:\/\/www.landwirt.com\/gebrauchte,3174078,MC-AGRI-Erntemaschine-fverschiedene-Obstbaeume.html\"><strong><strong><strong><strong>MC-AGRI Erntemaschine<\/strong><\/strong><\/strong><\/strong><\/a><\/p>\n\n\n\n<p>Die Arbeitsb\u00fchne f\u00fcr Obst- und Weinbau verf\u00fcgt \u00fcber einen Die Erntemaschine f\u00fcr Streuobstplantagen ist geeignet f\u00fcr B\u00e4ume mit einem Stammdurchmesser zwischen 5 und 20 cm. Die Maschine aus dem Jahr 2022 hat ein Eigengewicht von 900kg und wird derzeit von der Firma MC AGRI GmbH um \u20ac 20.111 angeboten.<\/p>\n<\/div>\n\n\n\n<div class=\"wp-block-column is-layout-flow wp-block-column-is-layout-flow\">\n<figure class=\"wp-block-image size-portfolio\"><a href=\"https:\/\/www.landwirt.com\/gebrauchte,3159469,Dondi-DBR65R32.html\" target=\"_blank\" rel=\"noopener\"><img loading=\"lazy\" decoding=\"async\" width=\"495\" height=\"400\" src=\"https:\/\/www.landwirt.com\/news\/wp-content\/uploads\/2022\/07\/Dondi-DBR65R-495x400.jpg\" alt=\"\" class=\"wp-image-10171\" srcset=\"https:\/\/www.landwirt.com\/news\/wp-content\/uploads\/2022\/07\/Dondi-DBR65R-495x400.jpg 495w, https:\/\/www.landwirt.com\/news\/wp-content\/uploads\/2022\/07\/Dondi-DBR65R-845x684.jpg 845w\" sizes=\"auto, (max-width: 495px) 100vw, 495px\" \/><\/a><\/figure>\n\n\n\n<p class=\"has-text-align-center\"><strong><strong><a href=\"https:\/\/www.landwirt.com\/gebrauchte,3159469,Dondi-DBR65R32.html\"><strong><strong>Dondi DBR65R\/32<\/strong><\/strong><\/a><\/strong><\/strong><\/p>\n\n\n\n<p>Diese Grabenfr\u00e4se verf\u00fcgt \u00fcber einen hydraulischen Dreipunkt mit Kette, verstellbaren Schutzblechen und schraubbaren Wurfschaufeln. Das Ger\u00e4t stammt aus dem Jahr 2020 und wird von Fricke Landmaschinen GmbH um aktuell \u20ac 11.888 auf Landwirt.com angeboten.<\/p>\n<\/div>\n\n\n\n<div class=\"wp-block-column is-layout-flow wp-block-column-is-layout-flow\">\n<figure class=\"wp-block-image size-portfolio\"><a href=\"https:\/\/www.landwirt.com\/gebrauchte,3168122,Sonstige-85TL-Raupenfahrzeug.html\" target=\"_blank\" rel=\"noopener\"><img loading=\"lazy\" decoding=\"async\" width=\"495\" height=\"400\" src=\"https:\/\/www.landwirt.com\/news\/wp-content\/uploads\/2022\/07\/Raupenfahrzeug-495x400.jpg\" alt=\"\" class=\"wp-image-10172\"\/><\/a><\/figure>\n\n\n\n<p class=\"has-text-align-center\"><strong><strong><strong><a href=\"https:\/\/www.landwirt.com\/gebrauchte,3168122,Sonstige-85TL-Raupenfahrzeug.html\"><strong>Raupenfahrzeug 85TL<\/strong><\/a><\/strong><\/strong><\/strong><\/p>\n\n\n\n<p>Ideal f\u00fcr den bodenschonenden Obst- und Weinbau ist dieses Raupenfahrzeug von der Firma BayWa. Das Fahrwerk besteht aus 5 gefederten Rollen pro Seite. Die Maschine ist u.a. mit einer mechanischen Zapfwelle, einem Tempomat, einem elektrischen Druckregler und einem digitalen Manometer ausgestattet. BayWa bietet das Raupenfahrzeug um \u20ac 63.070 auf Landwirt.com an.<\/p>\n<\/div>\n<\/div>\n\n\n\n<p><\/p>\n","protected":false},"excerpt":{"rendered":"<p>F\u00fcr Landwirte im Obstbau hei\u00dft es jetzt Arbeiten auf Hochtouren. Da gilt es nat\u00fcrlich, gute einsatzf\u00e4hige Maschinen zu haben. <\/p>\n","protected":false},"author":15,"featured_media":10166,"comment_status":"closed","ping_status":"closed","sticky":false,"template":"","format":"standard","meta":{"footnotes":""},"categories":[15,1],"tags":[65,75,34,56,340],"class_list":["post-10163","post","type-post","status-publish","format-standard","has-post-thumbnail","hentry","category-landwirt","category-werbung","tag-gebrauchtmaschinen","tag-landtechnik","tag-obstbau","tag-obsttraktoren","tag-top"],"yoast_head":"<!-- This site is optimized with the Yoast SEO plugin v27.4 - https:\/\/yoast.com\/product\/yoast-seo-wordpress\/ -->\n<title>Die aktuellen Besonderheiten im Obstbau auf Landwirt.com - Landwirt.com News<\/title>\n<meta name=\"robots\" content=\"index, follow, max-snippet:-1, max-image-preview:large, max-video-preview:-1\" \/>\n<meta property=\"og:locale\" content=\"de_DE\" \/>\n<meta property=\"og:type\" content=\"article\" \/>\n<meta property=\"og:title\" content=\"Die aktuellen Besonderheiten im Obstbau auf Landwirt.com - Landwirt.com News\" \/>\n<meta property=\"og:description\" content=\"F\u00fcr Landwirte im Obstbau hei\u00dft es jetzt Arbeiten auf Hochtouren. Da gilt es nat\u00fcrlich, gute einsatzf\u00e4hige Maschinen zu haben.\" \/>\n<meta property=\"og:url\" content=\"https:\/\/www.landwirt.com\/news\/die-aktuellen-besonderheiten-im-obstbau-auf-landwirt-com\/\" \/>\n<meta property=\"og:site_name\" content=\"Landwirt.com News\" \/>\n<meta property=\"article:published_time\" content=\"2022-07-14T12:20:52+00:00\" \/>\n<meta property=\"article:modified_time\" content=\"2022-07-14T12:41:25+00:00\" \/>\n<meta property=\"og:image\" content=\"https:\/\/www.landwirt.com\/news\/wp-content\/uploads\/2022\/07\/3540-52112783c721c3358c7c5ebaab9a197a-2701836-0vb.jpg\" \/>\n\t<meta property=\"og:image:width\" content=\"1200\" \/>\n\t<meta property=\"og:image:height\" content=\"675\" \/>\n\t<meta property=\"og:image:type\" content=\"image\/jpeg\" \/>\n<meta name=\"author\" content=\"Edith Winter\" \/>\n<meta name=\"twitter:card\" content=\"summary_large_image\" \/>\n<meta name=\"twitter:label1\" content=\"Verfasst von\" \/>\n\t<meta name=\"twitter:data1\" content=\"Edith Winter\" \/>\n\t<meta name=\"twitter:label2\" content=\"Gesch\u00e4tzte Lesezeit\" \/>\n\t<meta name=\"twitter:data2\" content=\"3 Minuten\" \/>\n<script type=\"application\/ld+json\" class=\"yoast-schema-graph\">{\"@context\":\"https:\\\/\\\/schema.org\",\"@graph\":[{\"@type\":\"Article\",\"@id\":\"https:\\\/\\\/www.landwirt.com\\\/news\\\/die-aktuellen-besonderheiten-im-obstbau-auf-landwirt-com\\\/#article\",\"isPartOf\":{\"@id\":\"https:\\\/\\\/www.landwirt.com\\\/news\\\/die-aktuellen-besonderheiten-im-obstbau-auf-landwirt-com\\\/\"},\"author\":{\"name\":\"Edith Winter\",\"@id\":\"https:\\\/\\\/www.landwirt.com\\\/news\\\/#\\\/schema\\\/person\\\/58b1026d44b61c2d0c39d2d1220d43e9\"},\"headline\":\"Die aktuellen Besonderheiten im Obstbau auf Landwirt.com\",\"datePublished\":\"2022-07-14T12:20:52+00:00\",\"dateModified\":\"2022-07-14T12:41:25+00:00\",\"mainEntityOfPage\":{\"@id\":\"https:\\\/\\\/www.landwirt.com\\\/news\\\/die-aktuellen-besonderheiten-im-obstbau-auf-landwirt-com\\\/\"},\"wordCount\":336,\"publisher\":{\"@id\":\"https:\\\/\\\/www.landwirt.com\\\/news\\\/#organization\"},\"image\":{\"@id\":\"https:\\\/\\\/www.landwirt.com\\\/news\\\/die-aktuellen-besonderheiten-im-obstbau-auf-landwirt-com\\\/#primaryimage\"},\"thumbnailUrl\":\"https:\\\/\\\/www.landwirt.com\\\/news\\\/wp-content\\\/uploads\\\/2022\\\/07\\\/3540-52112783c721c3358c7c5ebaab9a197a-2701836-0vb.jpg\",\"keywords\":[\"Gebrauchtmaschinen\",\"Landtechnik\",\"Obstbau\",\"Obsttraktoren\",\"Top\"],\"articleSection\":[\"Landwirt\",\"Werbung\"],\"inLanguage\":\"de-AT\"},{\"@type\":\"WebPage\",\"@id\":\"https:\\\/\\\/www.landwirt.com\\\/news\\\/die-aktuellen-besonderheiten-im-obstbau-auf-landwirt-com\\\/\",\"url\":\"https:\\\/\\\/www.landwirt.com\\\/news\\\/die-aktuellen-besonderheiten-im-obstbau-auf-landwirt-com\\\/\",\"name\":\"Die aktuellen Besonderheiten im Obstbau auf Landwirt.com - Landwirt.com News\",\"isPartOf\":{\"@id\":\"https:\\\/\\\/www.landwirt.com\\\/news\\\/#website\"},\"primaryImageOfPage\":{\"@id\":\"https:\\\/\\\/www.landwirt.com\\\/news\\\/die-aktuellen-besonderheiten-im-obstbau-auf-landwirt-com\\\/#primaryimage\"},\"image\":{\"@id\":\"https:\\\/\\\/www.landwirt.com\\\/news\\\/die-aktuellen-besonderheiten-im-obstbau-auf-landwirt-com\\\/#primaryimage\"},\"thumbnailUrl\":\"https:\\\/\\\/www.landwirt.com\\\/news\\\/wp-content\\\/uploads\\\/2022\\\/07\\\/3540-52112783c721c3358c7c5ebaab9a197a-2701836-0vb.jpg\",\"datePublished\":\"2022-07-14T12:20:52+00:00\",\"dateModified\":\"2022-07-14T12:41:25+00:00\",\"breadcrumb\":{\"@id\":\"https:\\\/\\\/www.landwirt.com\\\/news\\\/die-aktuellen-besonderheiten-im-obstbau-auf-landwirt-com\\\/#breadcrumb\"},\"inLanguage\":\"de-AT\",\"potentialAction\":[{\"@type\":\"ReadAction\",\"target\":[\"https:\\\/\\\/www.landwirt.com\\\/news\\\/die-aktuellen-besonderheiten-im-obstbau-auf-landwirt-com\\\/\"]}]},{\"@type\":\"ImageObject\",\"inLanguage\":\"de-AT\",\"@id\":\"https:\\\/\\\/www.landwirt.com\\\/news\\\/die-aktuellen-besonderheiten-im-obstbau-auf-landwirt-com\\\/#primaryimage\",\"url\":\"https:\\\/\\\/www.landwirt.com\\\/news\\\/wp-content\\\/uploads\\\/2022\\\/07\\\/3540-52112783c721c3358c7c5ebaab9a197a-2701836-0vb.jpg\",\"contentUrl\":\"https:\\\/\\\/www.landwirt.com\\\/news\\\/wp-content\\\/uploads\\\/2022\\\/07\\\/3540-52112783c721c3358c7c5ebaab9a197a-2701836-0vb.jpg\",\"width\":1200,\"height\":675},{\"@type\":\"BreadcrumbList\",\"@id\":\"https:\\\/\\\/www.landwirt.com\\\/news\\\/die-aktuellen-besonderheiten-im-obstbau-auf-landwirt-com\\\/#breadcrumb\",\"itemListElement\":[{\"@type\":\"ListItem\",\"position\":1,\"name\":\"Home\",\"item\":\"https:\\\/\\\/www.landwirt.com\\\/news\\\/home\\\/\"},{\"@type\":\"ListItem\",\"position\":2,\"name\":\"Die aktuellen Besonderheiten im Obstbau auf Landwirt.com\"}]},{\"@type\":\"WebSite\",\"@id\":\"https:\\\/\\\/www.landwirt.com\\\/news\\\/#website\",\"url\":\"https:\\\/\\\/www.landwirt.com\\\/news\\\/\",\"name\":\"Landwirt.com News\",\"description\":\"Landwirt.com News\",\"publisher\":{\"@id\":\"https:\\\/\\\/www.landwirt.com\\\/news\\\/#organization\"},\"potentialAction\":[{\"@type\":\"SearchAction\",\"target\":{\"@type\":\"EntryPoint\",\"urlTemplate\":\"https:\\\/\\\/www.landwirt.com\\\/news\\\/?s={search_term_string}\"},\"query-input\":{\"@type\":\"PropertyValueSpecification\",\"valueRequired\":true,\"valueName\":\"search_term_string\"}}],\"inLanguage\":\"de-AT\"},{\"@type\":\"Organization\",\"@id\":\"https:\\\/\\\/www.landwirt.com\\\/news\\\/#organization\",\"name\":\"LANDWIRT.COM GMBH\",\"url\":\"https:\\\/\\\/www.landwirt.com\\\/news\\\/\",\"logo\":{\"@type\":\"ImageObject\",\"inLanguage\":\"de-AT\",\"@id\":\"https:\\\/\\\/www.landwirt.com\\\/news\\\/#\\\/schema\\\/logo\\\/image\\\/\",\"url\":\"https:\\\/\\\/www.landwirt.com\\\/news\\\/wp-content\\\/uploads\\\/2020\\\/02\\\/LW-logo.png\",\"contentUrl\":\"https:\\\/\\\/www.landwirt.com\\\/news\\\/wp-content\\\/uploads\\\/2020\\\/02\\\/LW-logo.png\",\"width\":250,\"height\":58,\"caption\":\"LANDWIRT.COM GMBH\"},\"image\":{\"@id\":\"https:\\\/\\\/www.landwirt.com\\\/news\\\/#\\\/schema\\\/logo\\\/image\\\/\"}},{\"@type\":\"Person\",\"@id\":\"https:\\\/\\\/www.landwirt.com\\\/news\\\/#\\\/schema\\\/person\\\/58b1026d44b61c2d0c39d2d1220d43e9\",\"name\":\"Edith Winter\",\"image\":{\"@type\":\"ImageObject\",\"inLanguage\":\"de-AT\",\"@id\":\"https:\\\/\\\/secure.gravatar.com\\\/avatar\\\/a8a5aac669c36d589ec506dc09b6dcb6e1c7c0b8731e97f1f2dcea5e26e28095?s=96&d=mm&r=g\",\"url\":\"https:\\\/\\\/secure.gravatar.com\\\/avatar\\\/a8a5aac669c36d589ec506dc09b6dcb6e1c7c0b8731e97f1f2dcea5e26e28095?s=96&d=mm&r=g\",\"contentUrl\":\"https:\\\/\\\/secure.gravatar.com\\\/avatar\\\/a8a5aac669c36d589ec506dc09b6dcb6e1c7c0b8731e97f1f2dcea5e26e28095?s=96&d=mm&r=g\",\"caption\":\"Edith Winter\"},\"url\":\"https:\\\/\\\/www.landwirt.com\\\/news\\\/author\\\/edith\\\/\"}]}<\/script>\n<!-- \/ Yoast SEO plugin. -->","yoast_head_json":{"title":"Die aktuellen Besonderheiten im Obstbau auf Landwirt.com - Landwirt.com News","robots":{"index":"index","follow":"follow","max-snippet":"max-snippet:-1","max-image-preview":"max-image-preview:large","max-video-preview":"max-video-preview:-1"},"og_locale":"de_DE","og_type":"article","og_title":"Die aktuellen Besonderheiten im Obstbau auf Landwirt.com - Landwirt.com News","og_description":"F\u00fcr Landwirte im Obstbau hei\u00dft es jetzt Arbeiten auf Hochtouren. Da gilt es nat\u00fcrlich, gute einsatzf\u00e4hige Maschinen zu haben.","og_url":"https:\/\/www.landwirt.com\/news\/die-aktuellen-besonderheiten-im-obstbau-auf-landwirt-com\/","og_site_name":"Landwirt.com News","article_published_time":"2022-07-14T12:20:52+00:00","article_modified_time":"2022-07-14T12:41:25+00:00","og_image":[{"width":1200,"height":675,"url":"https:\/\/www.landwirt.com\/news\/wp-content\/uploads\/2022\/07\/3540-52112783c721c3358c7c5ebaab9a197a-2701836-0vb.jpg","type":"image\/jpeg"}],"author":"Edith Winter","twitter_card":"summary_large_image","twitter_misc":{"Verfasst von":"Edith Winter","Gesch\u00e4tzte Lesezeit":"3 Minuten"},"schema":{"@context":"https:\/\/schema.org","@graph":[{"@type":"Article","@id":"https:\/\/www.landwirt.com\/news\/die-aktuellen-besonderheiten-im-obstbau-auf-landwirt-com\/#article","isPartOf":{"@id":"https:\/\/www.landwirt.com\/news\/die-aktuellen-besonderheiten-im-obstbau-auf-landwirt-com\/"},"author":{"name":"Edith Winter","@id":"https:\/\/www.landwirt.com\/news\/#\/schema\/person\/58b1026d44b61c2d0c39d2d1220d43e9"},"headline":"Die aktuellen Besonderheiten im Obstbau auf Landwirt.com","datePublished":"2022-07-14T12:20:52+00:00","dateModified":"2022-07-14T12:41:25+00:00","mainEntityOfPage":{"@id":"https:\/\/www.landwirt.com\/news\/die-aktuellen-besonderheiten-im-obstbau-auf-landwirt-com\/"},"wordCount":336,"publisher":{"@id":"https:\/\/www.landwirt.com\/news\/#organization"},"image":{"@id":"https:\/\/www.landwirt.com\/news\/die-aktuellen-besonderheiten-im-obstbau-auf-landwirt-com\/#primaryimage"},"thumbnailUrl":"https:\/\/www.landwirt.com\/news\/wp-content\/uploads\/2022\/07\/3540-52112783c721c3358c7c5ebaab9a197a-2701836-0vb.jpg","keywords":["Gebrauchtmaschinen","Landtechnik","Obstbau","Obsttraktoren","Top"],"articleSection":["Landwirt","Werbung"],"inLanguage":"de-AT"},{"@type":"WebPage","@id":"https:\/\/www.landwirt.com\/news\/die-aktuellen-besonderheiten-im-obstbau-auf-landwirt-com\/","url":"https:\/\/www.landwirt.com\/news\/die-aktuellen-besonderheiten-im-obstbau-auf-landwirt-com\/","name":"Die aktuellen Besonderheiten im Obstbau auf Landwirt.com - Landwirt.com News","isPartOf":{"@id":"https:\/\/www.landwirt.com\/news\/#website"},"primaryImageOfPage":{"@id":"https:\/\/www.landwirt.com\/news\/die-aktuellen-besonderheiten-im-obstbau-auf-landwirt-com\/#primaryimage"},"image":{"@id":"https:\/\/www.landwirt.com\/news\/die-aktuellen-besonderheiten-im-obstbau-auf-landwirt-com\/#primaryimage"},"thumbnailUrl":"https:\/\/www.landwirt.com\/news\/wp-content\/uploads\/2022\/07\/3540-52112783c721c3358c7c5ebaab9a197a-2701836-0vb.jpg","datePublished":"2022-07-14T12:20:52+00:00","dateModified":"2022-07-14T12:41:25+00:00","breadcrumb":{"@id":"https:\/\/www.landwirt.com\/news\/die-aktuellen-besonderheiten-im-obstbau-auf-landwirt-com\/#breadcrumb"},"inLanguage":"de-AT","potentialAction":[{"@type":"ReadAction","target":["https:\/\/www.landwirt.com\/news\/die-aktuellen-besonderheiten-im-obstbau-auf-landwirt-com\/"]}]},{"@type":"ImageObject","inLanguage":"de-AT","@id":"https:\/\/www.landwirt.com\/news\/die-aktuellen-besonderheiten-im-obstbau-auf-landwirt-com\/#primaryimage","url":"https:\/\/www.landwirt.com\/news\/wp-content\/uploads\/2022\/07\/3540-52112783c721c3358c7c5ebaab9a197a-2701836-0vb.jpg","contentUrl":"https:\/\/www.landwirt.com\/news\/wp-content\/uploads\/2022\/07\/3540-52112783c721c3358c7c5ebaab9a197a-2701836-0vb.jpg","width":1200,"height":675},{"@type":"BreadcrumbList","@id":"https:\/\/www.landwirt.com\/news\/die-aktuellen-besonderheiten-im-obstbau-auf-landwirt-com\/#breadcrumb","itemListElement":[{"@type":"ListItem","position":1,"name":"Home","item":"https:\/\/www.landwirt.com\/news\/home\/"},{"@type":"ListItem","position":2,"name":"Die aktuellen Besonderheiten im Obstbau auf Landwirt.com"}]},{"@type":"WebSite","@id":"https:\/\/www.landwirt.com\/news\/#website","url":"https:\/\/www.landwirt.com\/news\/","name":"Landwirt.com News","description":"Landwirt.com News","publisher":{"@id":"https:\/\/www.landwirt.com\/news\/#organization"},"potentialAction":[{"@type":"SearchAction","target":{"@type":"EntryPoint","urlTemplate":"https:\/\/www.landwirt.com\/news\/?s={search_term_string}"},"query-input":{"@type":"PropertyValueSpecification","valueRequired":true,"valueName":"search_term_string"}}],"inLanguage":"de-AT"},{"@type":"Organization","@id":"https:\/\/www.landwirt.com\/news\/#organization","name":"LANDWIRT.COM GMBH","url":"https:\/\/www.landwirt.com\/news\/","logo":{"@type":"ImageObject","inLanguage":"de-AT","@id":"https:\/\/www.landwirt.com\/news\/#\/schema\/logo\/image\/","url":"https:\/\/www.landwirt.com\/news\/wp-content\/uploads\/2020\/02\/LW-logo.png","contentUrl":"https:\/\/www.landwirt.com\/news\/wp-content\/uploads\/2020\/02\/LW-logo.png","width":250,"height":58,"caption":"LANDWIRT.COM GMBH"},"image":{"@id":"https:\/\/www.landwirt.com\/news\/#\/schema\/logo\/image\/"}},{"@type":"Person","@id":"https:\/\/www.landwirt.com\/news\/#\/schema\/person\/58b1026d44b61c2d0c39d2d1220d43e9","name":"Edith Winter","image":{"@type":"ImageObject","inLanguage":"de-AT","@id":"https:\/\/secure.gravatar.com\/avatar\/a8a5aac669c36d589ec506dc09b6dcb6e1c7c0b8731e97f1f2dcea5e26e28095?s=96&d=mm&r=g","url":"https:\/\/secure.gravatar.com\/avatar\/a8a5aac669c36d589ec506dc09b6dcb6e1c7c0b8731e97f1f2dcea5e26e28095?s=96&d=mm&r=g","contentUrl":"https:\/\/secure.gravatar.com\/avatar\/a8a5aac669c36d589ec506dc09b6dcb6e1c7c0b8731e97f1f2dcea5e26e28095?s=96&d=mm&r=g","caption":"Edith Winter"},"url":"https:\/\/www.landwirt.com\/news\/author\/edith\/"}]}},"_links":{"self":[{"href":"https:\/\/www.landwirt.com\/news\/wp-json\/wp\/v2\/posts\/10163","targetHints":{"allow":["GET"]}}],"collection":[{"href":"https:\/\/www.landwirt.com\/news\/wp-json\/wp\/v2\/posts"}],"about":[{"href":"https:\/\/www.landwirt.com\/news\/wp-json\/wp\/v2\/types\/post"}],"author":[{"embeddable":true,"href":"https:\/\/www.landwirt.com\/news\/wp-json\/wp\/v2\/users\/15"}],"replies":[{"embeddable":true,"href":"https:\/\/www.landwirt.com\/news\/wp-json\/wp\/v2\/comments?post=10163"}],"version-history":[{"count":6,"href":"https:\/\/www.landwirt.com\/news\/wp-json\/wp\/v2\/posts\/10163\/revisions"}],"predecessor-version":[{"id":10176,"href":"https:\/\/www.landwirt.com\/news\/wp-json\/wp\/v2\/posts\/10163\/revisions\/10176"}],"wp:featuredmedia":[{"embeddable":true,"href":"https:\/\/www.landwirt.com\/news\/wp-json\/wp\/v2\/media\/10166"}],"wp:attachment":[{"href":"https:\/\/www.landwirt.com\/news\/wp-json\/wp\/v2\/media?parent=10163"}],"wp:term":[{"taxonomy":"category","embeddable":true,"href":"https:\/\/www.landwirt.com\/news\/wp-json\/wp\/v2\/categories?post=10163"},{"taxonomy":"post_tag","embeddable":true,"href":"https:\/\/www.landwirt.com\/news\/wp-json\/wp\/v2\/tags?post=10163"}],"curies":[{"name":"wp","href":"https:\/\/api.w.org\/{rel}","templated":true}]}}