{"id":10104,"date":"2022-06-27T10:14:00","date_gmt":"2022-06-27T08:14:00","guid":{"rendered":"https:\/\/www.landwirt.com\/news\/?p=10104"},"modified":"2022-07-14T13:54:59","modified_gmt":"2022-07-14T11:54:59","slug":"poettinger-praesentiert-die-neuheiten-im-gruenland","status":"publish","type":"post","link":"https:\/\/www.landwirt.com\/news\/poettinger-praesentiert-die-neuheiten-im-gruenland\/","title":{"rendered":"P\u00f6ttinger pr\u00e4sentiert die Neuheiten im Gr\u00fcnland"},"content":{"rendered":"\n<hr class=\"wp-block-separator\"\/>\n\n\n\n<p style=\"font-size:1.1em\"><strong>Der Gr\u00fcnlandspezialist P\u00f6ttinger hat f\u00fcr die neue Saison wieder einen bunten Strau\u00df an Neuheiten gebunden. F\u00fcr jedes Glied in der Erntekette ist etwas Neues dabei: Vom M\u00e4hen, Zetten, Schwaden bis hin zum Laden.<\/strong><\/p>\n\n\n\n<div class=\"wp-block-columns is-layout-flex wp-container-core-columns-is-layout-9d6595d7 wp-block-columns-is-layout-flex\">\n<div class=\"wp-block-column is-layout-flow wp-block-column-is-layout-flow\">\n<div style=\"height:10px\" aria-hidden=\"true\" class=\"wp-block-spacer\"><\/div>\n\n\n\n<h3 class=\"wp-block-heading\">NOVACAT V 10000: Der neue Standard beim M\u00e4hen<\/h3>\n\n\n\n<p>Die neue M\u00e4hkombination vereint hohe Fl\u00e4chenleistung mit bestm\u00f6glicher Bodenanpassung und h\u00f6chster Einsatzsicherheit durch intelligente Technik. Das NOVACAT V 10000 ist mit einem Anbaubock f\u00fcr 3,0 m oder 3,5 m Frontm\u00e4hwerke erh\u00e4ltlich. So sind maximale Arbeitsbreiten von 9,62 m oder 10,02 m m\u00f6glich.<\/p>\n<\/div>\n\n\n\n<div class=\"wp-block-column is-layout-flow wp-block-column-is-layout-flow\">\n<figure class=\"wp-block-image size-featured_large\"><a href=\"https:\/\/www.landwirt.com\/news\/wp-content\/uploads\/2022\/06\/poettinger_novacat_v10000_1_hq-scaled.jpg\"><img loading=\"lazy\" decoding=\"async\" width=\"1500\" height=\"630\" src=\"https:\/\/www.landwirt.com\/news\/wp-content\/uploads\/2022\/06\/poettinger_novacat_v10000_1_hq-1500x630.jpg\" alt=\"NOVACAT V 10000 M\u00e4hkombination f\u00fcr bestes Arbeitsergebnis\" class=\"wp-image-10105\"\/><\/a><\/figure>\n<\/div>\n<\/div>\n\n\n\n<div class=\"wp-block-columns is-layout-flex wp-container-core-columns-is-layout-9d6595d7 wp-block-columns-is-layout-flex\">\n<div class=\"wp-block-column is-layout-flow wp-block-column-is-layout-flow\">\n<figure class=\"wp-block-image size-large\"><a href=\"https:\/\/www.landwirt.com\/news\/wp-content\/uploads\/2022\/06\/poettinger_hit_v11100_2_hq-scaled.jpg\"><img loading=\"lazy\" decoding=\"async\" width=\"1030\" height=\"433\" src=\"https:\/\/www.landwirt.com\/news\/wp-content\/uploads\/2022\/06\/poettinger_hit_v11100_1500x630-1030x433.jpg\" alt=\"Der neue HIT V 11100 spielt seine St\u00e4rke voll aus\" class=\"wp-image-10113\" srcset=\"https:\/\/www.landwirt.com\/news\/wp-content\/uploads\/2022\/06\/poettinger_hit_v11100_1500x630-1030x433.jpg 1030w, https:\/\/www.landwirt.com\/news\/wp-content\/uploads\/2022\/06\/poettinger_hit_v11100_1500x630-300x126.jpg 300w, https:\/\/www.landwirt.com\/news\/wp-content\/uploads\/2022\/06\/poettinger_hit_v11100_1500x630-768x323.jpg 768w, https:\/\/www.landwirt.com\/news\/wp-content\/uploads\/2022\/06\/poettinger_hit_v11100_1500x630.jpg 1500w, https:\/\/www.landwirt.com\/news\/wp-content\/uploads\/2022\/06\/poettinger_hit_v11100_1500x630-705x296.jpg 705w\" sizes=\"auto, (max-width: 1030px) 100vw, 1030px\" \/><\/a><\/figure>\n<\/div>\n\n\n\n<div class=\"wp-block-column is-layout-flow wp-block-column-is-layout-flow\">\n<div style=\"height:10px\" aria-hidden=\"true\" class=\"wp-block-spacer\"><\/div>\n\n\n\n<h3 class=\"wp-block-heading\">Neuer Zetter der Extraklasse: HIT V 11100<\/h3>\n\n\n\n<p>Der neue Zehnkreisel-Anbauzetter HIT V 11100 vereint mit seinen 1,42 m gro\u00dfen Kreiseln und 10,70\u2009m Arbeitsbreite (DIN) hervorragende Zettqualit\u00e4t mit maximaler Schlagkraft. Beim Transport ist der HIT unscheinbar klein, am Feld einer der ganz Gro\u00dfen. Seine technischen Raffinessen spielt er in voller Breite aus.<\/p>\n<\/div>\n<\/div>\n\n\n\n<div class=\"wp-block-columns is-layout-flex wp-container-core-columns-is-layout-9d6595d7 wp-block-columns-is-layout-flex\">\n<div class=\"wp-block-column is-layout-flow wp-block-column-is-layout-flow\">\n<div style=\"height:10px\" aria-hidden=\"true\" class=\"wp-block-spacer\"><\/div>\n\n\n\n<h3 class=\"wp-block-heading\">TOP 882 C: Neuer gro\u00dfer Mittenschwader<\/h3>\n\n\n\n<p>Mit dem neuen Kurzschnitt beim JUMBO Hochleistungs-Silierwagen ist P\u00f6ttinger bei Ladewagen Die Baureihe der beliebten Mittenschwader von P\u00f6ttinger wird mit dem neuen TOP 882 C erweitert. Er spielt seine volle St\u00e4rke bei einer Arbeitsbreite von 7,70 bis 8,80 m aus. Durch den l\u00e4ngeren Ausleger ist eine sehr flexible Schwadbreite von 1,30 bis 2,60 m m\u00f6glich. Das bietet den Vorteil von breiteren Schwaden f\u00fcr Feldh\u00e4cksler und minimalen Schwadbreiten f\u00fcr kleine Ladewagen. Trotz des beachtlichen Kreiseldurchmessers von 3,70 m bleibt die Transporth\u00f6he mit montierten Zinkenarmen unter 4,00 m.<\/p>\n<\/div>\n\n\n\n<div class=\"wp-block-column is-layout-flow wp-block-column-is-layout-flow\">\n<figure class=\"wp-block-image size-featured_large\"><a href=\"https:\/\/www.landwirt.com\/news\/wp-content\/uploads\/2022\/06\/poettinger_top_882c_1_hq-scaled.jpg\"><img loading=\"lazy\" decoding=\"async\" width=\"1500\" height=\"630\" src=\"https:\/\/www.landwirt.com\/news\/wp-content\/uploads\/2022\/06\/poettinger_top_882c_1_hq-1500x630.jpg\" alt=\"Der neue TOP 882 C Mittenschwader spielt seine volle St\u00e4rke mit individuellen Arbeitsbreiten aus\" class=\"wp-image-10109\"\/><\/a><\/figure>\n<\/div>\n<\/div>\n\n\n\n<div class=\"wp-block-columns is-layout-flex wp-container-core-columns-is-layout-9d6595d7 wp-block-columns-is-layout-flex\">\n<div class=\"wp-block-column is-layout-flow wp-block-column-is-layout-flow\">\n<figure class=\"wp-block-image size-featured_large\"><a href=\"https:\/\/www.landwirt.com\/news\/wp-content\/uploads\/2022\/06\/poettinger_mergento_vt9220_1_hq-scaled.jpg\"><img loading=\"lazy\" decoding=\"async\" width=\"1500\" height=\"630\" src=\"https:\/\/www.landwirt.com\/news\/wp-content\/uploads\/2022\/06\/poettinger_mergento_vt9220_1_hq-1500x630.jpg\" alt=\"Der neue MERGENTO mit innovativen Features \" class=\"wp-image-10108\"\/><\/a><\/figure>\n<\/div>\n\n\n\n<div class=\"wp-block-column is-layout-flow wp-block-column-is-layout-flow\">\n<div style=\"height:10px\" aria-hidden=\"true\" class=\"wp-block-spacer\"><\/div>\n\n\n\n<h3 class=\"wp-block-heading\">Neuer Bandschwader: MERGENTO VT 9220<\/h3>\n\n\n\n<p>Der neue Bandschwader MERGENTO VT 9220 (mit einer Arbeitsbreite von bis zu 9,20 m bei Ablage eines Mittenschwades und 8,70 m bei Ablage eines Seitenschwades) ist konzipiert f\u00fcr Luzerne und Klee, verschiedenste Kulturpflanzen von Dauergr\u00fcnland bis hin zu Stroh. MERGENTO nimmt das Futter \u00fcber die Pick-up auf. Das Futter wird schonend, ohne weiteren Bodenkontakt \u00fcber die Querf\u00f6rderb\u00e4nder in Richtung Schwad transportiert und dort abgelegt.<\/p>\n<\/div>\n<\/div>\n\n\n\n<div class=\"wp-block-columns is-layout-flex wp-container-core-columns-is-layout-9d6595d7 wp-block-columns-is-layout-flex\">\n<div class=\"wp-block-column is-layout-flow wp-block-column-is-layout-flow\">\n<div style=\"height:10px\" aria-hidden=\"true\" class=\"wp-block-spacer\"><\/div>\n\n\n\n<h3 class=\"wp-block-heading\">Der neue JUMBO 8000 schneidet viel k\u00fcrzer<\/h3>\n\n\n\n<p>Mit dem neuen Kurzschnitt beim JUMBO Hochleistungs-Silierwagen ist P\u00f6ttinger bei Ladewagen nochmals um einen Schritt weiter gegangen. Der neue JUMBO 8000 schneidet das Futter um fast 30 Prozent k\u00fcrzer: Das bedeutet noch h\u00f6here Futterqualit\u00e4t ohne Einbu\u00dfen bei der Ladeleistung. Mit einer Drehmomentabsicherung von 3.500 NM sind Durchsatzleistungen oberhalb eines selbstfahrenden Feldh\u00e4ckslers m\u00f6glich.<\/p>\n<\/div>\n\n\n\n<div class=\"wp-block-column is-layout-flow wp-block-column-is-layout-flow\">\n<figure class=\"wp-block-image size-featured_large\"><a href=\"https:\/\/www.landwirt.com\/news\/wp-content\/uploads\/2022\/06\/jumbo_8450_hq-scaled.jpg\"><img loading=\"lazy\" decoding=\"async\" width=\"1500\" height=\"630\" src=\"https:\/\/www.landwirt.com\/news\/wp-content\/uploads\/2022\/06\/jumbo_8450_hq-1500x630.jpg\" alt=\"Der neue JUMBO 8450 mit Kurzschnitt-Schneidwerk\" class=\"wp-image-10110\"\/><\/a><\/figure>\n<\/div>\n<\/div>\n\n\n\n<div class=\"wp-block-columns is-layout-flex wp-container-core-columns-is-layout-9d6595d7 wp-block-columns-is-layout-flex\">\n<div class=\"wp-block-column is-layout-flow wp-block-column-is-layout-flow\">\n<figure class=\"wp-block-image size-featured_large\"><a href=\"https:\/\/www.landwirt.com\/news\/wp-content\/uploads\/2022\/06\/jumbo_8450_zwangslenkung_hq-scaled.jpg\"><img loading=\"lazy\" decoding=\"async\" width=\"1500\" height=\"630\" src=\"https:\/\/www.landwirt.com\/news\/wp-content\/uploads\/2022\/06\/jumbo_8450_zwangslenkung_hq-1500x630.jpg\" alt=\"Die kontaktlose elektronische Zwangslenkung erm\u00f6glicht einen hohen Lenkeinschlag\" class=\"wp-image-10115\"\/><\/a><\/figure>\n<\/div>\n\n\n\n<div class=\"wp-block-column is-layout-flow wp-block-column-is-layout-flow\">\n<div style=\"height:10px\" aria-hidden=\"true\" class=\"wp-block-spacer\"><\/div>\n\n\n\n<h3 class=\"wp-block-heading\">Kontaktlose Zwangslenkung beim JUMBO<\/h3>\n\n\n\n<p>Der neue Bandschwader MERGENTO VT 9220 (mit einer Arbeitsbreite von bis zu 9,20 m bei AMit der neuen kontaktlosen, elektronischen Zwangslenkung beim JUMBO Ladewagen wird der Bedien- und Fahrkomfort, sowie die Einsatzsicherheit der Lenkung deutlich verbessert. Die gemeinsame Entwicklung mit der ME MOBIL ELEKTRONIK GMBH findet ihren Markteintritt als erstes auf dem JUMBO Ladewagen.<\/p>\n<\/div>\n<\/div>\n\n\n\n<div class=\"wp-block-columns is-layout-flex wp-container-core-columns-is-layout-9d6595d7 wp-block-columns-is-layout-flex\">\n<div class=\"wp-block-column is-layout-flow wp-block-column-is-layout-flow\">\n<div style=\"height:10px\" aria-hidden=\"true\" class=\"wp-block-spacer\"><\/div>\n\n\n\n<h3 class=\"wp-block-heading\">BOSS 3000 MASTER, der neue Ma\u00dfstab<\/h3>\n\n\n\n<p>Der BOSS der Serie 3000 MASTER erg\u00e4nzt das Produktprogramm der Ladewagen f\u00fcr kleinb\u00e4uerliche Strukturen und Betriebe im voralpinen Raum.<\/p>\n\n\n\n<p>Der BOSS ist ab 1. August 2022 in vier Gr\u00f6\u00dfen von 18,7 bis 26,5 m<sup>3<\/sup> (DIN), jeweils als Hoch- oder Tieflader (LP) erh\u00e4ltlich. <strong>Modelle mit Dosierwalzen (DB)<\/strong> sind mit 20,5 und 23,1 m\u00b3 verf\u00fcgbar. Dort lassen sich die bis zu drei Dosierwalzen einfach ausbauen.<\/p>\n<\/div>\n\n\n\n<div class=\"wp-block-column is-layout-flow wp-block-column-is-layout-flow\">\n<figure class=\"wp-block-image size-featured_large\"><a href=\"https:\/\/www.landwirt.com\/news\/wp-content\/uploads\/2022\/06\/boss_3240_master_johndeere_silage_ernte_7_hq-scaled.jpg\"><img loading=\"lazy\" decoding=\"async\" width=\"1500\" height=\"630\" src=\"https:\/\/www.landwirt.com\/news\/wp-content\/uploads\/2022\/06\/boss_3240_master_johndeere_silage_ernte_7_hq-1500x630.jpg\" alt=\"BOSS 3000 MASTER, der neue Ladewagen f\u00fcr Kleinbetriebe \" class=\"wp-image-10116\"\/><\/a><\/figure>\n<\/div>\n<\/div>\n","protected":false},"excerpt":{"rendered":"<p>F\u00fcr jedes Glied in der Erntekette ist etwas Neues dabei: Vom M\u00e4hen, Zetten, Schwaden bis hin zum Laden.<\/p>\n","protected":false},"author":15,"featured_media":10109,"comment_status":"closed","ping_status":"closed","sticky":false,"template":"","format":"standard","meta":{"footnotes":""},"categories":[15,1],"tags":[195,476,121,129,290,347,477],"class_list":["post-10104","post","type-post","status-publish","format-standard","has-post-thumbnail","hentry","category-landwirt","category-werbung","tag-grunland","tag-ladewagen","tag-landmaschinen","tag-mahwerke","tag-pottinger","tag-schwader","tag-zetter"],"yoast_head":"<!-- This site is optimized with the Yoast SEO plugin v27.4 - https:\/\/yoast.com\/product\/yoast-seo-wordpress\/ -->\n<title>P\u00f6ttinger pr\u00e4sentiert die Neuheiten im Gr\u00fcnland - Landwirt.com News<\/title>\n<meta name=\"robots\" content=\"index, follow, max-snippet:-1, max-image-preview:large, max-video-preview:-1\" \/>\n<meta property=\"og:locale\" content=\"de_DE\" \/>\n<meta property=\"og:type\" content=\"article\" \/>\n<meta property=\"og:title\" content=\"P\u00f6ttinger pr\u00e4sentiert die Neuheiten im Gr\u00fcnland - Landwirt.com News\" \/>\n<meta property=\"og:description\" content=\"F\u00fcr jedes Glied in der Erntekette ist etwas Neues dabei: Vom M\u00e4hen, Zetten, Schwaden bis hin zum Laden.\" \/>\n<meta property=\"og:url\" content=\"https:\/\/www.landwirt.com\/news\/poettinger-praesentiert-die-neuheiten-im-gruenland\/\" \/>\n<meta property=\"og:site_name\" content=\"Landwirt.com News\" \/>\n<meta property=\"article:published_time\" content=\"2022-06-27T08:14:00+00:00\" \/>\n<meta property=\"article:modified_time\" content=\"2022-07-14T11:54:59+00:00\" \/>\n<meta property=\"og:image\" content=\"https:\/\/www.landwirt.com\/news\/wp-content\/uploads\/2022\/06\/poettinger_top_882c_1_hq-1030x687.jpg\" \/>\n\t<meta property=\"og:image:width\" content=\"1030\" \/>\n\t<meta property=\"og:image:height\" content=\"687\" \/>\n\t<meta property=\"og:image:type\" content=\"image\/jpeg\" \/>\n<meta name=\"author\" content=\"Edith Winter\" \/>\n<meta name=\"twitter:card\" content=\"summary_large_image\" \/>\n<meta name=\"twitter:label1\" content=\"Verfasst von\" \/>\n\t<meta name=\"twitter:data1\" content=\"Edith Winter\" \/>\n\t<meta name=\"twitter:label2\" content=\"Gesch\u00e4tzte Lesezeit\" \/>\n\t<meta name=\"twitter:data2\" content=\"5 Minuten\" \/>\n<script type=\"application\/ld+json\" class=\"yoast-schema-graph\">{\"@context\":\"https:\\\/\\\/schema.org\",\"@graph\":[{\"@type\":\"Article\",\"@id\":\"https:\\\/\\\/www.landwirt.com\\\/news\\\/poettinger-praesentiert-die-neuheiten-im-gruenland\\\/#article\",\"isPartOf\":{\"@id\":\"https:\\\/\\\/www.landwirt.com\\\/news\\\/poettinger-praesentiert-die-neuheiten-im-gruenland\\\/\"},\"author\":{\"name\":\"Edith Winter\",\"@id\":\"https:\\\/\\\/www.landwirt.com\\\/news\\\/#\\\/schema\\\/person\\\/58b1026d44b61c2d0c39d2d1220d43e9\"},\"headline\":\"P\u00f6ttinger pr\u00e4sentiert die Neuheiten im Gr\u00fcnland\",\"datePublished\":\"2022-06-27T08:14:00+00:00\",\"dateModified\":\"2022-07-14T11:54:59+00:00\",\"mainEntityOfPage\":{\"@id\":\"https:\\\/\\\/www.landwirt.com\\\/news\\\/poettinger-praesentiert-die-neuheiten-im-gruenland\\\/\"},\"wordCount\":501,\"publisher\":{\"@id\":\"https:\\\/\\\/www.landwirt.com\\\/news\\\/#organization\"},\"image\":{\"@id\":\"https:\\\/\\\/www.landwirt.com\\\/news\\\/poettinger-praesentiert-die-neuheiten-im-gruenland\\\/#primaryimage\"},\"thumbnailUrl\":\"https:\\\/\\\/www.landwirt.com\\\/news\\\/wp-content\\\/uploads\\\/2022\\\/06\\\/poettinger_top_882c_1_hq-scaled.jpg\",\"keywords\":[\"Gr\u00fcnland\",\"Ladewagen\",\"Landmaschinen\",\"M\u00e4hwerke\",\"P\u00f6ttinger\",\"Schwader\",\"Zetter\"],\"articleSection\":[\"Landwirt\",\"Werbung\"],\"inLanguage\":\"de-AT\"},{\"@type\":\"WebPage\",\"@id\":\"https:\\\/\\\/www.landwirt.com\\\/news\\\/poettinger-praesentiert-die-neuheiten-im-gruenland\\\/\",\"url\":\"https:\\\/\\\/www.landwirt.com\\\/news\\\/poettinger-praesentiert-die-neuheiten-im-gruenland\\\/\",\"name\":\"P\u00f6ttinger pr\u00e4sentiert die Neuheiten im Gr\u00fcnland - Landwirt.com News\",\"isPartOf\":{\"@id\":\"https:\\\/\\\/www.landwirt.com\\\/news\\\/#website\"},\"primaryImageOfPage\":{\"@id\":\"https:\\\/\\\/www.landwirt.com\\\/news\\\/poettinger-praesentiert-die-neuheiten-im-gruenland\\\/#primaryimage\"},\"image\":{\"@id\":\"https:\\\/\\\/www.landwirt.com\\\/news\\\/poettinger-praesentiert-die-neuheiten-im-gruenland\\\/#primaryimage\"},\"thumbnailUrl\":\"https:\\\/\\\/www.landwirt.com\\\/news\\\/wp-content\\\/uploads\\\/2022\\\/06\\\/poettinger_top_882c_1_hq-scaled.jpg\",\"datePublished\":\"2022-06-27T08:14:00+00:00\",\"dateModified\":\"2022-07-14T11:54:59+00:00\",\"breadcrumb\":{\"@id\":\"https:\\\/\\\/www.landwirt.com\\\/news\\\/poettinger-praesentiert-die-neuheiten-im-gruenland\\\/#breadcrumb\"},\"inLanguage\":\"de-AT\",\"potentialAction\":[{\"@type\":\"ReadAction\",\"target\":[\"https:\\\/\\\/www.landwirt.com\\\/news\\\/poettinger-praesentiert-die-neuheiten-im-gruenland\\\/\"]}]},{\"@type\":\"ImageObject\",\"inLanguage\":\"de-AT\",\"@id\":\"https:\\\/\\\/www.landwirt.com\\\/news\\\/poettinger-praesentiert-die-neuheiten-im-gruenland\\\/#primaryimage\",\"url\":\"https:\\\/\\\/www.landwirt.com\\\/news\\\/wp-content\\\/uploads\\\/2022\\\/06\\\/poettinger_top_882c_1_hq-scaled.jpg\",\"contentUrl\":\"https:\\\/\\\/www.landwirt.com\\\/news\\\/wp-content\\\/uploads\\\/2022\\\/06\\\/poettinger_top_882c_1_hq-scaled.jpg\",\"width\":2560,\"height\":1707},{\"@type\":\"BreadcrumbList\",\"@id\":\"https:\\\/\\\/www.landwirt.com\\\/news\\\/poettinger-praesentiert-die-neuheiten-im-gruenland\\\/#breadcrumb\",\"itemListElement\":[{\"@type\":\"ListItem\",\"position\":1,\"name\":\"Home\",\"item\":\"https:\\\/\\\/www.landwirt.com\\\/news\\\/home\\\/\"},{\"@type\":\"ListItem\",\"position\":2,\"name\":\"P\u00f6ttinger pr\u00e4sentiert die Neuheiten im Gr\u00fcnland\"}]},{\"@type\":\"WebSite\",\"@id\":\"https:\\\/\\\/www.landwirt.com\\\/news\\\/#website\",\"url\":\"https:\\\/\\\/www.landwirt.com\\\/news\\\/\",\"name\":\"Landwirt.com News\",\"description\":\"Landwirt.com News\",\"publisher\":{\"@id\":\"https:\\\/\\\/www.landwirt.com\\\/news\\\/#organization\"},\"potentialAction\":[{\"@type\":\"SearchAction\",\"target\":{\"@type\":\"EntryPoint\",\"urlTemplate\":\"https:\\\/\\\/www.landwirt.com\\\/news\\\/?s={search_term_string}\"},\"query-input\":{\"@type\":\"PropertyValueSpecification\",\"valueRequired\":true,\"valueName\":\"search_term_string\"}}],\"inLanguage\":\"de-AT\"},{\"@type\":\"Organization\",\"@id\":\"https:\\\/\\\/www.landwirt.com\\\/news\\\/#organization\",\"name\":\"LANDWIRT.COM GMBH\",\"url\":\"https:\\\/\\\/www.landwirt.com\\\/news\\\/\",\"logo\":{\"@type\":\"ImageObject\",\"inLanguage\":\"de-AT\",\"@id\":\"https:\\\/\\\/www.landwirt.com\\\/news\\\/#\\\/schema\\\/logo\\\/image\\\/\",\"url\":\"https:\\\/\\\/www.landwirt.com\\\/news\\\/wp-content\\\/uploads\\\/2020\\\/02\\\/LW-logo.png\",\"contentUrl\":\"https:\\\/\\\/www.landwirt.com\\\/news\\\/wp-content\\\/uploads\\\/2020\\\/02\\\/LW-logo.png\",\"width\":250,\"height\":58,\"caption\":\"LANDWIRT.COM GMBH\"},\"image\":{\"@id\":\"https:\\\/\\\/www.landwirt.com\\\/news\\\/#\\\/schema\\\/logo\\\/image\\\/\"}},{\"@type\":\"Person\",\"@id\":\"https:\\\/\\\/www.landwirt.com\\\/news\\\/#\\\/schema\\\/person\\\/58b1026d44b61c2d0c39d2d1220d43e9\",\"name\":\"Edith Winter\",\"image\":{\"@type\":\"ImageObject\",\"inLanguage\":\"de-AT\",\"@id\":\"https:\\\/\\\/secure.gravatar.com\\\/avatar\\\/a8a5aac669c36d589ec506dc09b6dcb6e1c7c0b8731e97f1f2dcea5e26e28095?s=96&d=mm&r=g\",\"url\":\"https:\\\/\\\/secure.gravatar.com\\\/avatar\\\/a8a5aac669c36d589ec506dc09b6dcb6e1c7c0b8731e97f1f2dcea5e26e28095?s=96&d=mm&r=g\",\"contentUrl\":\"https:\\\/\\\/secure.gravatar.com\\\/avatar\\\/a8a5aac669c36d589ec506dc09b6dcb6e1c7c0b8731e97f1f2dcea5e26e28095?s=96&d=mm&r=g\",\"caption\":\"Edith Winter\"},\"url\":\"https:\\\/\\\/www.landwirt.com\\\/news\\\/author\\\/edith\\\/\"}]}<\/script>\n<!-- \/ Yoast SEO plugin. -->","yoast_head_json":{"title":"P\u00f6ttinger pr\u00e4sentiert die Neuheiten im Gr\u00fcnland - Landwirt.com News","robots":{"index":"index","follow":"follow","max-snippet":"max-snippet:-1","max-image-preview":"max-image-preview:large","max-video-preview":"max-video-preview:-1"},"og_locale":"de_DE","og_type":"article","og_title":"P\u00f6ttinger pr\u00e4sentiert die Neuheiten im Gr\u00fcnland - Landwirt.com News","og_description":"F\u00fcr jedes Glied in der Erntekette ist etwas Neues dabei: Vom M\u00e4hen, Zetten, Schwaden bis hin zum Laden.","og_url":"https:\/\/www.landwirt.com\/news\/poettinger-praesentiert-die-neuheiten-im-gruenland\/","og_site_name":"Landwirt.com News","article_published_time":"2022-06-27T08:14:00+00:00","article_modified_time":"2022-07-14T11:54:59+00:00","og_image":[{"width":1030,"height":687,"url":"https:\/\/www.landwirt.com\/news\/wp-content\/uploads\/2022\/06\/poettinger_top_882c_1_hq-1030x687.jpg","type":"image\/jpeg"}],"author":"Edith Winter","twitter_card":"summary_large_image","twitter_misc":{"Verfasst von":"Edith Winter","Gesch\u00e4tzte Lesezeit":"5 Minuten"},"schema":{"@context":"https:\/\/schema.org","@graph":[{"@type":"Article","@id":"https:\/\/www.landwirt.com\/news\/poettinger-praesentiert-die-neuheiten-im-gruenland\/#article","isPartOf":{"@id":"https:\/\/www.landwirt.com\/news\/poettinger-praesentiert-die-neuheiten-im-gruenland\/"},"author":{"name":"Edith Winter","@id":"https:\/\/www.landwirt.com\/news\/#\/schema\/person\/58b1026d44b61c2d0c39d2d1220d43e9"},"headline":"P\u00f6ttinger pr\u00e4sentiert die Neuheiten im Gr\u00fcnland","datePublished":"2022-06-27T08:14:00+00:00","dateModified":"2022-07-14T11:54:59+00:00","mainEntityOfPage":{"@id":"https:\/\/www.landwirt.com\/news\/poettinger-praesentiert-die-neuheiten-im-gruenland\/"},"wordCount":501,"publisher":{"@id":"https:\/\/www.landwirt.com\/news\/#organization"},"image":{"@id":"https:\/\/www.landwirt.com\/news\/poettinger-praesentiert-die-neuheiten-im-gruenland\/#primaryimage"},"thumbnailUrl":"https:\/\/www.landwirt.com\/news\/wp-content\/uploads\/2022\/06\/poettinger_top_882c_1_hq-scaled.jpg","keywords":["Gr\u00fcnland","Ladewagen","Landmaschinen","M\u00e4hwerke","P\u00f6ttinger","Schwader","Zetter"],"articleSection":["Landwirt","Werbung"],"inLanguage":"de-AT"},{"@type":"WebPage","@id":"https:\/\/www.landwirt.com\/news\/poettinger-praesentiert-die-neuheiten-im-gruenland\/","url":"https:\/\/www.landwirt.com\/news\/poettinger-praesentiert-die-neuheiten-im-gruenland\/","name":"P\u00f6ttinger pr\u00e4sentiert die Neuheiten im Gr\u00fcnland - Landwirt.com News","isPartOf":{"@id":"https:\/\/www.landwirt.com\/news\/#website"},"primaryImageOfPage":{"@id":"https:\/\/www.landwirt.com\/news\/poettinger-praesentiert-die-neuheiten-im-gruenland\/#primaryimage"},"image":{"@id":"https:\/\/www.landwirt.com\/news\/poettinger-praesentiert-die-neuheiten-im-gruenland\/#primaryimage"},"thumbnailUrl":"https:\/\/www.landwirt.com\/news\/wp-content\/uploads\/2022\/06\/poettinger_top_882c_1_hq-scaled.jpg","datePublished":"2022-06-27T08:14:00+00:00","dateModified":"2022-07-14T11:54:59+00:00","breadcrumb":{"@id":"https:\/\/www.landwirt.com\/news\/poettinger-praesentiert-die-neuheiten-im-gruenland\/#breadcrumb"},"inLanguage":"de-AT","potentialAction":[{"@type":"ReadAction","target":["https:\/\/www.landwirt.com\/news\/poettinger-praesentiert-die-neuheiten-im-gruenland\/"]}]},{"@type":"ImageObject","inLanguage":"de-AT","@id":"https:\/\/www.landwirt.com\/news\/poettinger-praesentiert-die-neuheiten-im-gruenland\/#primaryimage","url":"https:\/\/www.landwirt.com\/news\/wp-content\/uploads\/2022\/06\/poettinger_top_882c_1_hq-scaled.jpg","contentUrl":"https:\/\/www.landwirt.com\/news\/wp-content\/uploads\/2022\/06\/poettinger_top_882c_1_hq-scaled.jpg","width":2560,"height":1707},{"@type":"BreadcrumbList","@id":"https:\/\/www.landwirt.com\/news\/poettinger-praesentiert-die-neuheiten-im-gruenland\/#breadcrumb","itemListElement":[{"@type":"ListItem","position":1,"name":"Home","item":"https:\/\/www.landwirt.com\/news\/home\/"},{"@type":"ListItem","position":2,"name":"P\u00f6ttinger pr\u00e4sentiert die Neuheiten im Gr\u00fcnland"}]},{"@type":"WebSite","@id":"https:\/\/www.landwirt.com\/news\/#website","url":"https:\/\/www.landwirt.com\/news\/","name":"Landwirt.com News","description":"Landwirt.com News","publisher":{"@id":"https:\/\/www.landwirt.com\/news\/#organization"},"potentialAction":[{"@type":"SearchAction","target":{"@type":"EntryPoint","urlTemplate":"https:\/\/www.landwirt.com\/news\/?s={search_term_string}"},"query-input":{"@type":"PropertyValueSpecification","valueRequired":true,"valueName":"search_term_string"}}],"inLanguage":"de-AT"},{"@type":"Organization","@id":"https:\/\/www.landwirt.com\/news\/#organization","name":"LANDWIRT.COM GMBH","url":"https:\/\/www.landwirt.com\/news\/","logo":{"@type":"ImageObject","inLanguage":"de-AT","@id":"https:\/\/www.landwirt.com\/news\/#\/schema\/logo\/image\/","url":"https:\/\/www.landwirt.com\/news\/wp-content\/uploads\/2020\/02\/LW-logo.png","contentUrl":"https:\/\/www.landwirt.com\/news\/wp-content\/uploads\/2020\/02\/LW-logo.png","width":250,"height":58,"caption":"LANDWIRT.COM GMBH"},"image":{"@id":"https:\/\/www.landwirt.com\/news\/#\/schema\/logo\/image\/"}},{"@type":"Person","@id":"https:\/\/www.landwirt.com\/news\/#\/schema\/person\/58b1026d44b61c2d0c39d2d1220d43e9","name":"Edith Winter","image":{"@type":"ImageObject","inLanguage":"de-AT","@id":"https:\/\/secure.gravatar.com\/avatar\/a8a5aac669c36d589ec506dc09b6dcb6e1c7c0b8731e97f1f2dcea5e26e28095?s=96&d=mm&r=g","url":"https:\/\/secure.gravatar.com\/avatar\/a8a5aac669c36d589ec506dc09b6dcb6e1c7c0b8731e97f1f2dcea5e26e28095?s=96&d=mm&r=g","contentUrl":"https:\/\/secure.gravatar.com\/avatar\/a8a5aac669c36d589ec506dc09b6dcb6e1c7c0b8731e97f1f2dcea5e26e28095?s=96&d=mm&r=g","caption":"Edith Winter"},"url":"https:\/\/www.landwirt.com\/news\/author\/edith\/"}]}},"_links":{"self":[{"href":"https:\/\/www.landwirt.com\/news\/wp-json\/wp\/v2\/posts\/10104","targetHints":{"allow":["GET"]}}],"collection":[{"href":"https:\/\/www.landwirt.com\/news\/wp-json\/wp\/v2\/posts"}],"about":[{"href":"https:\/\/www.landwirt.com\/news\/wp-json\/wp\/v2\/types\/post"}],"author":[{"embeddable":true,"href":"https:\/\/www.landwirt.com\/news\/wp-json\/wp\/v2\/users\/15"}],"replies":[{"embeddable":true,"href":"https:\/\/www.landwirt.com\/news\/wp-json\/wp\/v2\/comments?post=10104"}],"version-history":[{"count":6,"href":"https:\/\/www.landwirt.com\/news\/wp-json\/wp\/v2\/posts\/10104\/revisions"}],"predecessor-version":[{"id":10122,"href":"https:\/\/www.landwirt.com\/news\/wp-json\/wp\/v2\/posts\/10104\/revisions\/10122"}],"wp:featuredmedia":[{"embeddable":true,"href":"https:\/\/www.landwirt.com\/news\/wp-json\/wp\/v2\/media\/10109"}],"wp:attachment":[{"href":"https:\/\/www.landwirt.com\/news\/wp-json\/wp\/v2\/media?parent=10104"}],"wp:term":[{"taxonomy":"category","embeddable":true,"href":"https:\/\/www.landwirt.com\/news\/wp-json\/wp\/v2\/categories?post=10104"},{"taxonomy":"post_tag","embeddable":true,"href":"https:\/\/www.landwirt.com\/news\/wp-json\/wp\/v2\/tags?post=10104"}],"curies":[{"name":"wp","href":"https:\/\/api.w.org\/{rel}","templated":true}]}}